{"id":102777,"date":"2013-04-17T16:40:27","date_gmt":"2013-04-17T14:40:27","guid":{"rendered":"http:\/\/feuerwehr-dipperz.de\/?p=102777"},"modified":"2013-10-09T10:40:57","modified_gmt":"2013-10-09T08:40:57","slug":"fruhjahrsubung-feuerwehren-der-gemeinde-dipperz-am-14-april-2013","status":"publish","type":"post","link":"http:\/\/feuerwehr-dipperz.de\/index.php\/fruhjahrsubung-feuerwehren-der-gemeinde-dipperz-am-14-april-2013\/","title":{"rendered":"Fr\u00fchjahrs\u00fcbung Feuerwehren der Gemeinde Dipperz am 14. April 2013"},"content":{"rendered":"<p style=\"text-align: justify;\"><a href=\"http:\/\/feuerwehr-dipperz.de\/wp-content\/uploads\/2013\/04\/CIMG0417.jpg\"><img loading=\"lazy\" decoding=\"async\" class=\"aligncenter size-full wp-image-102864\" alt=\"CIMG0417\" src=\"http:\/\/feuerwehr-dipperz.de\/wp-content\/uploads\/2013\/04\/CIMG0417.jpg\" width=\"1024\" height=\"768\" srcset=\"http:\/\/feuerwehr-dipperz.de\/wp-content\/uploads\/2013\/04\/CIMG0417.jpg 1024w, http:\/\/feuerwehr-dipperz.de\/wp-content\/uploads\/2013\/04\/CIMG0417-300x225.jpg 300w, http:\/\/feuerwehr-dipperz.de\/wp-content\/uploads\/2013\/04\/CIMG0417-600x450.jpg 600w, http:\/\/feuerwehr-dipperz.de\/wp-content\/uploads\/2013\/04\/CIMG0417-400x300.jpg 400w\" sizes=\"auto, (max-width: 1024px) 100vw, 1024px\" \/><\/a>45 aktive Feuerwehrleute und 6 Mitglieder der Jugendfeuerwehr aus der Gro\u00dfgemeinde Dipperz nahmen an der diesj\u00e4hrigen Fr\u00fchjahrs\u00fcbung in Dipperz teil.<\/p>\n<p style=\"text-align: justify;\">Schwei\u00dfarbeiten in der Scheune des Anwesens von Josef Schmitt war Ursache f\u00fcr den angenommenen Brand.\u00a0Eine starke Rauchentwicklung im \u00dcbungsobjekt und vier vermisste Personen l\u00f6ste die Alarmierung der gemeindlichen Wehren aus.<\/p>\n<p style=\"text-align: justify;\">Als erste Wehr vor Ort ging die Besatzung des Tankl\u00f6schfahrzeuges 16\/25 von Dipperz unter Atemschutz zur sofortigen Menschenrettung vor.\u00a0F\u00fcr die Brandbek\u00e4mpfung wurde gleichzeitig das L\u00f6schwasser von einem vor dem Wohnhaus befindlichen Hydranten entnommen.\u00a0Die Mannschaft des\u00a0\u00adLF-8\/6 aus Dipperz unterst\u00fctzte mit weiteren Atemschutzger\u00e4tetr\u00e4gern die Rettungsaktion.\u00a0Bei den vermissten Personen handelte es sich um Kinder, welche in der Scheune gespielt hatten, sie konnten mithilfe von Fluchthauben gerettet werden.\u00a0Ein gerettetes Kind rannte wieder in das Geb\u00e4ude, um die in dem Geb\u00e4ude vermutete Schwester zu suchen, welche aber nicht in dem Geb\u00e4ude war.\u00a0Dementsprechend musste es erneut gerettet werden.\u00a0Neben der Bergung der vermissten Person wurden noch mehrere Gasflaschen aus dem Gefahrenbereich entfernt.\u00a0Zur weiteren Brandbek\u00e4mpfung und Abschirmung der Nachbargeb\u00e4ude wurde mithilfe der Besatzung des\u00a0\u00adMTF\u00a0die L\u00f6schwasserentnahme \u00fcber einen Hydranten in der\u00a0\u00adBodellerstra\u00dfe\u00a0vorgenommen und die L\u00f6schwasserversorgung entsprechend aufgebaut.<\/p>\n<p style=\"text-align: justify;\">Die n\u00e4chsteintreffende Wehr aus Armenhof stellte die L\u00f6schwasserentnahme aus dem Bachlauf der Wanne am Parkplatz des B\u00fcrgerhauses her und baute die L\u00f6schwasserleitung f\u00fcr die am Brandobjekt eingetroffenen Wehr aus Friesenhausen zur Brandbek\u00e4mpfung her. Unterst\u00fctzt wurde der Aufbau einer weiteren L\u00f6schwasserversorgung aus dem Bachlauf bei einer Staustufe am Dorfbrunnen durch die Wehr aus \u00adWolferts.<\/p>\n<p style=\"text-align: justify;\">Entsprechend freie Einsatzkr\u00e4fte von den Besatzungen der Ortsteilwehren unterst\u00fctzten die bisher eingesetzten Atemschutzger\u00e4tetr\u00e4ger von Dipperz bei der Menschenrettung bzw. den Brandbek\u00e4mpfungen innerhalb des Geb\u00e4udes. Insgesamt waren sieben Atemschutzger\u00e4tetr\u00e4ger Trupps (Trupp zwei Personen) im Einsatz.<\/p>\n<p style=\"text-align: justify;\">Es konnte innerhalb k\u00fcrzester Zeit die Ausdehnung des Feuers wirkungsvoll einged\u00e4mmt und letztendlich gel\u00f6scht werden.<\/p>\n<p style=\"text-align: justify;\">Die \u00dcbungsleitung f\u00fchrte Gemeindebrandinspektor Martin \u00adR\u00fchl der sich auch bei seiner anschlie\u00dfenden Beobachtungskritik mit dem Verlauf der \u00dcbung zufrieden zeigte. Sein besonderer Dank richtete er an Josef Schmitt f\u00fcr die Bereitstellung des \u00dcbungsobjektes.<\/p>\n<div id='gallery-1' class='gallery galleryid-102777 gallery-columns-4 gallery-size-thumbnail'><figure class='gallery-item'>\n\t\t\t<div class='gallery-icon landscape'>\n\t\t\t\t<a href='http:\/\/feuerwehr-dipperz.de\/wp-content\/uploads\/2013\/04\/PICT0073.jpg'><img loading=\"lazy\" decoding=\"async\" width=\"150\" height=\"150\" src=\"http:\/\/feuerwehr-dipperz.de\/wp-content\/uploads\/2013\/04\/PICT0073-150x150.jpg\" class=\"attachment-thumbnail size-thumbnail\" alt=\"\" \/><\/a>\n\t\t\t<\/div><\/figure><figure class='gallery-item'>\n\t\t\t<div class='gallery-icon landscape'>\n\t\t\t\t<a href='http:\/\/feuerwehr-dipperz.de\/wp-content\/uploads\/2013\/04\/CIMG0416.jpg'><img loading=\"lazy\" decoding=\"async\" width=\"150\" height=\"150\" src=\"http:\/\/feuerwehr-dipperz.de\/wp-content\/uploads\/2013\/04\/CIMG0416-150x150.jpg\" class=\"attachment-thumbnail size-thumbnail\" alt=\"\" \/><\/a>\n\t\t\t<\/div><\/figure><figure class='gallery-item'>\n\t\t\t<div class='gallery-icon landscape'>\n\t\t\t\t<a href='http:\/\/feuerwehr-dipperz.de\/wp-content\/uploads\/2013\/04\/PICT0065.jpg'><img loading=\"lazy\" decoding=\"async\" width=\"150\" height=\"150\" src=\"http:\/\/feuerwehr-dipperz.de\/wp-content\/uploads\/2013\/04\/PICT0065-150x150.jpg\" class=\"attachment-thumbnail size-thumbnail\" alt=\"\" \/><\/a>\n\t\t\t<\/div><\/figure><figure class='gallery-item'>\n\t\t\t<div class='gallery-icon landscape'>\n\t\t\t\t<a href='http:\/\/feuerwehr-dipperz.de\/wp-content\/uploads\/2013\/04\/CIMG0413.jpg'><img loading=\"lazy\" decoding=\"async\" width=\"150\" height=\"150\" src=\"http:\/\/feuerwehr-dipperz.de\/wp-content\/uploads\/2013\/04\/CIMG0413-150x150.jpg\" class=\"attachment-thumbnail size-thumbnail\" alt=\"\" \/><\/a>\n\t\t\t<\/div><\/figure><figure class='gallery-item'>\n\t\t\t<div class='gallery-icon landscape'>\n\t\t\t\t<a href='http:\/\/feuerwehr-dipperz.de\/wp-content\/uploads\/2013\/04\/PICT0074.jpg'><img loading=\"lazy\" decoding=\"async\" width=\"150\" height=\"150\" src=\"http:\/\/feuerwehr-dipperz.de\/wp-content\/uploads\/2013\/04\/PICT0074-150x150.jpg\" class=\"attachment-thumbnail size-thumbnail\" alt=\"\" \/><\/a>\n\t\t\t<\/div><\/figure><figure class='gallery-item'>\n\t\t\t<div class='gallery-icon landscape'>\n\t\t\t\t<a href='http:\/\/feuerwehr-dipperz.de\/wp-content\/uploads\/2013\/04\/CIMG0417.jpg'><img loading=\"lazy\" decoding=\"async\" width=\"150\" height=\"150\" src=\"http:\/\/feuerwehr-dipperz.de\/wp-content\/uploads\/2013\/04\/CIMG0417-150x150.jpg\" class=\"attachment-thumbnail size-thumbnail\" alt=\"\" \/><\/a>\n\t\t\t<\/div><\/figure><figure class='gallery-item'>\n\t\t\t<div class='gallery-icon landscape'>\n\t\t\t\t<a href='http:\/\/feuerwehr-dipperz.de\/wp-content\/uploads\/2013\/04\/PICT0071.jpg'><img loading=\"lazy\" decoding=\"async\" width=\"150\" height=\"150\" src=\"http:\/\/feuerwehr-dipperz.de\/wp-content\/uploads\/2013\/04\/PICT0071-150x150.jpg\" class=\"attachment-thumbnail size-thumbnail\" alt=\"\" \/><\/a>\n\t\t\t<\/div><\/figure><figure class='gallery-item'>\n\t\t\t<div class='gallery-icon landscape'>\n\t\t\t\t<a href='http:\/\/feuerwehr-dipperz.de\/wp-content\/uploads\/2013\/04\/CIMG0421.jpg'><img loading=\"lazy\" decoding=\"async\" width=\"150\" height=\"150\" src=\"http:\/\/feuerwehr-dipperz.de\/wp-content\/uploads\/2013\/04\/CIMG0421-150x150.jpg\" class=\"attachment-thumbnail size-thumbnail\" alt=\"\" \/><\/a>\n\t\t\t<\/div><\/figure><figure class='gallery-item'>\n\t\t\t<div class='gallery-icon landscape'>\n\t\t\t\t<a href='http:\/\/feuerwehr-dipperz.de\/wp-content\/uploads\/2013\/04\/PICT0077.jpg'><img loading=\"lazy\" decoding=\"async\" width=\"150\" height=\"150\" src=\"http:\/\/feuerwehr-dipperz.de\/wp-content\/uploads\/2013\/04\/PICT0077-150x150.jpg\" class=\"attachment-thumbnail size-thumbnail\" alt=\"\" \/><\/a>\n\t\t\t<\/div><\/figure><figure class='gallery-item'>\n\t\t\t<div class='gallery-icon landscape'>\n\t\t\t\t<a href='http:\/\/feuerwehr-dipperz.de\/wp-content\/uploads\/2013\/04\/CIMG0414.jpg'><img loading=\"lazy\" decoding=\"async\" width=\"150\" height=\"150\" src=\"http:\/\/feuerwehr-dipperz.de\/wp-content\/uploads\/2013\/04\/CIMG0414-150x150.jpg\" class=\"attachment-thumbnail size-thumbnail\" alt=\"\" \/><\/a>\n\t\t\t<\/div><\/figure><figure class='gallery-item'>\n\t\t\t<div class='gallery-icon landscape'>\n\t\t\t\t<a href='http:\/\/feuerwehr-dipperz.de\/wp-content\/uploads\/2013\/04\/PICT0076.jpg'><img loading=\"lazy\" decoding=\"async\" width=\"150\" height=\"150\" src=\"http:\/\/feuerwehr-dipperz.de\/wp-content\/uploads\/2013\/04\/PICT0076-150x150.jpg\" class=\"attachment-thumbnail size-thumbnail\" alt=\"\" \/><\/a>\n\t\t\t<\/div><\/figure><figure class='gallery-item'>\n\t\t\t<div class='gallery-icon landscape'>\n\t\t\t\t<a href='http:\/\/feuerwehr-dipperz.de\/wp-content\/uploads\/2013\/04\/CIMG0429.jpg'><img loading=\"lazy\" decoding=\"async\" width=\"150\" height=\"150\" src=\"http:\/\/feuerwehr-dipperz.de\/wp-content\/uploads\/2013\/04\/CIMG0429-150x150.jpg\" class=\"attachment-thumbnail size-thumbnail\" alt=\"\" \/><\/a>\n\t\t\t<\/div><\/figure><figure class='gallery-item'>\n\t\t\t<div class='gallery-icon landscape'>\n\t\t\t\t<a href='http:\/\/feuerwehr-dipperz.de\/wp-content\/uploads\/2013\/04\/CIMG0426.jpg'><img loading=\"lazy\" decoding=\"async\" width=\"150\" height=\"150\" src=\"http:\/\/feuerwehr-dipperz.de\/wp-content\/uploads\/2013\/04\/CIMG0426-150x150.jpg\" class=\"attachment-thumbnail size-thumbnail\" alt=\"\" \/><\/a>\n\t\t\t<\/div><\/figure><figure class='gallery-item'>\n\t\t\t<div class='gallery-icon landscape'>\n\t\t\t\t<a href='http:\/\/feuerwehr-dipperz.de\/wp-content\/uploads\/2013\/04\/PICT0078.jpg'><img loading=\"lazy\" decoding=\"async\" width=\"150\" height=\"150\" src=\"http:\/\/feuerwehr-dipperz.de\/wp-content\/uploads\/2013\/04\/PICT0078-150x150.jpg\" class=\"attachment-thumbnail size-thumbnail\" alt=\"\" \/><\/a>\n\t\t\t<\/div><\/figure><figure class='gallery-item'>\n\t\t\t<div class='gallery-icon landscape'>\n\t\t\t\t<a href='http:\/\/feuerwehr-dipperz.de\/wp-content\/uploads\/2013\/04\/CIMG0423.jpg'><img loading=\"lazy\" decoding=\"async\" width=\"150\" height=\"150\" src=\"http:\/\/feuerwehr-dipperz.de\/wp-content\/uploads\/2013\/04\/CIMG0423-150x150.jpg\" class=\"attachment-thumbnail size-thumbnail\" alt=\"\" \/><\/a>\n\t\t\t<\/div><\/figure><figure class='gallery-item'>\n\t\t\t<div class='gallery-icon landscape'>\n\t\t\t\t<a href='http:\/\/feuerwehr-dipperz.de\/wp-content\/uploads\/2013\/04\/CIMG0425.jpg'><img loading=\"lazy\" decoding=\"async\" width=\"150\" height=\"150\" src=\"http:\/\/feuerwehr-dipperz.de\/wp-content\/uploads\/2013\/04\/CIMG0425-150x150.jpg\" class=\"attachment-thumbnail size-thumbnail\" alt=\"\" \/><\/a>\n\t\t\t<\/div><\/figure><figure class='gallery-item'>\n\t\t\t<div class='gallery-icon landscape'>\n\t\t\t\t<a href='http:\/\/feuerwehr-dipperz.de\/wp-content\/uploads\/2013\/04\/CIMG0424.jpg'><img loading=\"lazy\" decoding=\"async\" width=\"150\" height=\"150\" src=\"http:\/\/feuerwehr-dipperz.de\/wp-content\/uploads\/2013\/04\/CIMG0424-150x150.jpg\" class=\"attachment-thumbnail size-thumbnail\" alt=\"\" \/><\/a>\n\t\t\t<\/div><\/figure><figure class='gallery-item'>\n\t\t\t<div class='gallery-icon landscape'>\n\t\t\t\t<a href='http:\/\/feuerwehr-dipperz.de\/wp-content\/uploads\/2013\/04\/CIMG0430.jpg'><img loading=\"lazy\" decoding=\"async\" width=\"150\" height=\"150\" src=\"http:\/\/feuerwehr-dipperz.de\/wp-content\/uploads\/2013\/04\/CIMG0430-150x150.jpg\" class=\"attachment-thumbnail size-thumbnail\" alt=\"\" \/><\/a>\n\t\t\t<\/div><\/figure>\n\t\t<\/div>\n\n","protected":false},"excerpt":{"rendered":"<p>45 aktive Feuerwehrleute und 6 Mitglieder der Jugendfeuerwehr aus der Gro\u00dfgemeinde Dipperz nahmen an der diesj\u00e4hrigen Fr\u00fchjahrs\u00fcbung in Dipperz teil. Schwei\u00dfarbeiten in der Scheune des Anwesens von Josef Schmitt war Ursache f\u00fcr den angenommenen Brand.\u00a0Eine starke Rauchentwicklung im \u00dcbungsobjekt und vier vermisste Personen l\u00f6ste die Alarmierung der gemeindlichen Wehren aus. Als erste Wehr vor Ort&hellip;&nbsp;<a href=\"http:\/\/feuerwehr-dipperz.de\/index.php\/fruhjahrsubung-feuerwehren-der-gemeinde-dipperz-am-14-april-2013\/\" rel=\"bookmark\">Weiterlesen &raquo;<span class=\"screen-reader-text\">Fr\u00fchjahrs\u00fcbung Feuerwehren der Gemeinde Dipperz am 14. April 2013<\/span><\/a><\/p>\n","protected":false},"author":1,"featured_media":0,"comment_status":"closed","ping_status":"closed","sticky":false,"template":"","format":"standard","meta":{"neve_meta_sidebar":"","neve_meta_container":"","neve_meta_enable_content_width":"","neve_meta_content_width":0,"neve_meta_title_alignment":"","neve_meta_author_avatar":"","neve_post_elements_order":"","neve_meta_disable_header":"","neve_meta_disable_footer":"","neve_meta_disable_title":"","ngg_post_thumbnail":0,"footnotes":""},"categories":[22,1],"tags":[],"class_list":["post-102777","post","type-post","status-publish","format-standard","hentry","category-feuerwehren-der-grosgemeinde-dipperz-ubungen","category-neuigkeiten"],"_links":{"self":[{"href":"http:\/\/feuerwehr-dipperz.de\/index.php\/wp-json\/wp\/v2\/posts\/102777","targetHints":{"allow":["GET"]}}],"collection":[{"href":"http:\/\/feuerwehr-dipperz.de\/index.php\/wp-json\/wp\/v2\/posts"}],"about":[{"href":"http:\/\/feuerwehr-dipperz.de\/index.php\/wp-json\/wp\/v2\/types\/post"}],"author":[{"embeddable":true,"href":"http:\/\/feuerwehr-dipperz.de\/index.php\/wp-json\/wp\/v2\/users\/1"}],"replies":[{"embeddable":true,"href":"http:\/\/feuerwehr-dipperz.de\/index.php\/wp-json\/wp\/v2\/comments?post=102777"}],"version-history":[{"count":0,"href":"http:\/\/feuerwehr-dipperz.de\/index.php\/wp-json\/wp\/v2\/posts\/102777\/revisions"}],"wp:attachment":[{"href":"http:\/\/feuerwehr-dipperz.de\/index.php\/wp-json\/wp\/v2\/media?parent=102777"}],"wp:term":[{"taxonomy":"category","embeddable":true,"href":"http:\/\/feuerwehr-dipperz.de\/index.php\/wp-json\/wp\/v2\/categories?post=102777"},{"taxonomy":"post_tag","embeddable":true,"href":"http:\/\/feuerwehr-dipperz.de\/index.php\/wp-json\/wp\/v2\/tags?post=102777"}],"curies":[{"name":"wp","href":"https:\/\/api.w.org\/{rel}","templated":true}]}}