{"id":249,"date":"2012-03-17T14:00:57","date_gmt":"2012-03-17T14:00:57","guid":{"rendered":"http:\/\/feuerwehr-dipperz.de\/?p=249"},"modified":"2012-09-12T14:31:52","modified_gmt":"2012-09-12T14:31:52","slug":"einweihung-des-an-und-umbaus-feuerwehrhaus-dipperz-vorgenommen","status":"publish","type":"post","link":"http:\/\/feuerwehr-dipperz.de\/index.php\/einweihung-des-an-und-umbaus-feuerwehrhaus-dipperz-vorgenommen\/","title":{"rendered":"Einweihung des An \u2013 und Umbaus Feuerwehrhaus Dipperz vorgenommen!"},"content":{"rendered":"<p>Am Freitag, den 16. M\u00e4rz 2012 wurde nach Beendigung der Umbauma\u00dfnahmen die Einweihung unseres Feuerwehrhauses vorgenommen. B\u00fcrgermeister Klaus-Dieter Vogler er\u00f6ffnete als Gastgeber den feierlichen Teil des Abends und bedankte sich f\u00fcr die bisher geleisteten Arbeiten. Die restlichen Arbeiten an der Au\u00dfenanlage werden vor den Festtagen im Juni beendet sein. Gemeindebrandinspektor Martin R\u00fchl gab einen \u00dcberblick \u00fcber die Bauma\u00dfnahmen die er und sein Vater Rudi als treibende Kr\u00e4fte mit den Feuerwehrkameraden vorgenommen haben. Wehrf\u00fchrer Winfried Sch\u00e4fer bedankte sich ebenfalls f\u00fcr die nahezu 6.500 Stunden aufgelaufenen Eigenleistungen. Architekt Stephan M\u00f6ller nahm die offizielle Schl\u00fcssel\u00fcbergabe an B\u00fcrgermeister Vogler vor. Landrat Bernd Woide zeigte sich in seinem Gru\u00dfwort von den Leistungen nicht \u00fcberrascht denn daf\u00fcr kennt er die Einstellungen der ehrenamtlichen Feuerwehrleute nur zu Gut. Es erfreute ihn was hier insgesamt geleistet wurde und \u00fcberreichte dem Wehrf\u00fchrer als Dank und Anerkennung eine \u00fcberdimensionale Karte des Landkreises. Kreisbrandmeister Klaus Blum konnte die Worte des Landrates nur best\u00e4tigen und bedankte sich ebenso f\u00fcr das gelungene Werk. Ortsvorsteher Gerhard Koch und Gemeindevertreter Klaus Mader reihten sich in den Kreis der Gratulanten ein.<\/p>\n<p><img loading=\"lazy\" decoding=\"async\" class=\"aligncenter\" title=\"Einweihung Pfarrer\" src=\"http:\/\/www.sporton.de\/cms\/ffwdipperz\/images\/Einweihung\/Pfarrer.jpg\" alt=\"\" width=\"1200\" height=\"900\" \/><\/p>\n<p>Pfarrer Pjotr Kownacki (sein evangelischer Kollege Pfarrer Ander-Molnar war leider verhindert) nahm die kirchliche Segnung vor, zu der B\u00fcrgermeister Vogler als \u201cMessdiener\u201d bei Seite stand.<\/p>\n<p><img loading=\"lazy\" decoding=\"async\" class=\"aligncenter\" title=\"Einweihung Feuerwehrhaus 2012\" src=\"http:\/\/www.sporton.de\/cms\/ffwdipperz\/images\/Einweihung\/Einweihung%202012.jpg\" alt=\"\" width=\"1200\" height=\"900\" \/><\/p>\n<p>v.l. Wehrf\u00fchrer Winfried Sch\u00e4fer, Gemeindebrandinspektor Martin R\u00fchl, Kreisbrandmeister Klaus Blum, Landrat Bernd Woide, B\u00fcrgermeister Klaus-Dieter Vogler, Architekt Stephan M\u00f6ller, Ortsvorsteher Gerhard Koch<\/p>\n<p>Weitere Bilder <\/p>\n","protected":false},"excerpt":{"rendered":"<p>Am Freitag, den 16. M\u00e4rz 2012 wurde nach Beendigung der Umbauma\u00dfnahmen die Einweihung unseres Feuerwehrhauses vorgenommen. B\u00fcrgermeister Klaus-Dieter Vogler er\u00f6ffnete als Gastgeber den feierlichen Teil des Abends und bedankte sich f\u00fcr die bisher geleisteten Arbeiten. Die restlichen Arbeiten an der Au\u00dfenanlage werden vor den Festtagen im Juni beendet sein. Gemeindebrandinspektor Martin R\u00fchl gab einen \u00dcberblick&hellip;&nbsp;<a href=\"http:\/\/feuerwehr-dipperz.de\/index.php\/einweihung-des-an-und-umbaus-feuerwehrhaus-dipperz-vorgenommen\/\" rel=\"bookmark\">Weiterlesen &raquo;<span class=\"screen-reader-text\">Einweihung des An \u2013 und Umbaus Feuerwehrhaus Dipperz vorgenommen!<\/span><\/a><\/p>\n","protected":false},"author":1,"featured_media":0,"comment_status":"closed","ping_status":"closed","sticky":false,"template":"","format":"standard","meta":{"neve_meta_sidebar":"","neve_meta_container":"","neve_meta_enable_content_width":"","neve_meta_content_width":0,"neve_meta_title_alignment":"","neve_meta_author_avatar":"","neve_post_elements_order":"","neve_meta_disable_header":"","neve_meta_disable_footer":"","neve_meta_disable_title":"","ngg_post_thumbnail":0,"footnotes":""},"categories":[1],"tags":[],"class_list":["post-249","post","type-post","status-publish","format-standard","hentry","category-neuigkeiten"],"_links":{"self":[{"href":"http:\/\/feuerwehr-dipperz.de\/index.php\/wp-json\/wp\/v2\/posts\/249","targetHints":{"allow":["GET"]}}],"collection":[{"href":"http:\/\/feuerwehr-dipperz.de\/index.php\/wp-json\/wp\/v2\/posts"}],"about":[{"href":"http:\/\/feuerwehr-dipperz.de\/index.php\/wp-json\/wp\/v2\/types\/post"}],"author":[{"embeddable":true,"href":"http:\/\/feuerwehr-dipperz.de\/index.php\/wp-json\/wp\/v2\/users\/1"}],"replies":[{"embeddable":true,"href":"http:\/\/feuerwehr-dipperz.de\/index.php\/wp-json\/wp\/v2\/comments?post=249"}],"version-history":[{"count":0,"href":"http:\/\/feuerwehr-dipperz.de\/index.php\/wp-json\/wp\/v2\/posts\/249\/revisions"}],"wp:attachment":[{"href":"http:\/\/feuerwehr-dipperz.de\/index.php\/wp-json\/wp\/v2\/media?parent=249"}],"wp:term":[{"taxonomy":"category","embeddable":true,"href":"http:\/\/feuerwehr-dipperz.de\/index.php\/wp-json\/wp\/v2\/categories?post=249"},{"taxonomy":"post_tag","embeddable":true,"href":"http:\/\/feuerwehr-dipperz.de\/index.php\/wp-json\/wp\/v2\/tags?post=249"}],"curies":[{"name":"wp","href":"https:\/\/api.w.org\/{rel}","templated":true}]}}