{"id":5659,"date":"2013-02-18T12:32:56","date_gmt":"2013-02-18T11:32:56","guid":{"rendered":"http:\/\/feuerwehr-dipperz.de\/?p=5659"},"modified":"2013-10-09T13:57:19","modified_gmt":"2013-10-09T11:57:19","slug":"jahreshauptversammlung-der-jugendfeuerwehren-der-gemeinde-dipperz","status":"publish","type":"post","link":"http:\/\/feuerwehr-dipperz.de\/index.php\/jahreshauptversammlung-der-jugendfeuerwehren-der-gemeinde-dipperz\/","title":{"rendered":"Jahreshauptversammlung der Jugendfeuerwehren der Gemeinde Dipperz"},"content":{"rendered":"<p style=\"text-align: center;\"><a href=\"http:\/\/feuerwehr-dipperz.de\/wp-content\/uploads\/2013\/02\/DSCF2588.jpg\"><img loading=\"lazy\" decoding=\"async\" class=\"aligncenter  wp-image-15063\" alt=\"DSCF2588\" src=\"http:\/\/feuerwehr-dipperz.de\/wp-content\/uploads\/2013\/02\/DSCF2588-1024x768.jpg\" width=\"512\" height=\"384\" \/><\/a><\/p>\n<p style=\"text-align: justify;\">Am 15.02.2013 fanden im B\u00fcrgerhaus Dipperz \u00a0Neuwahlen des Gemeindejugendfeuerwehrwartes (GJFW) sowie des stellvertretendem GJFW und des Gemeindejugendfeuerwehr-Sprechers sowie seines Stellvertreters an. Nach f\u00fcnf Jahren als Gemeindejugendfeuerwehrwart und Jugendwart der Gemeinde Dipperz, trat Stefan Mehler als Gemeindejugendfeuerwehrwart zur\u00fcck. Das Amt des JFW in Dipperz f\u00fchrt er weiter fort. \u00a0Timo Willkomm wurde einstimmig als GJFW gew\u00e4hlt. F\u00fcr den Posten des stellv. GJFW stellte sich Aaron Klewitz und Christian Maul zur Wahl. Christian Maul gewann die Wahl mit 23\/29 Stimmen. Aaron Klewitz bekam 6\/29 Stimmen. Christoph Sch\u00e4fer wurde mit einer Enthaltung als Gemeindejugendfeuerwehr-Sprecher gew\u00e4hlt, f\u00fcr das Amt des stellv. Gemeindejugendfeuerwehr-Sprechers, stellten sich Leonie Fr\u00f6hlich und Enrico Jung zur Wahl. Leonie Fr\u00f6hlich wurde mit 17\/29 Stimmen gew\u00e4hlt, Enrico Jung erhielt 12\/29 Stimmen. Bei der Jahreshauptversammlung der Feuerwehren der Gemeinde Dipperz wurden die Personen best\u00e4tigt.<\/p>\n<ul style=\"text-align: justify;\">\n<li>Gemeindejugendfeuerwehrwart:\u00a0\u00a0\u00a0\u00a0\u00a0\u00a0\u00a0\u00a0\u00a0\u00a0\u00a0\u00a0\u00a0\u00a0\u00a0\u00a0\u00a0\u00a0\u00a0\u00a0\u00a0\u00a0\u00a0\u00a0\u00a0\u00a0\u00a0\u00a0\u00a0\u00a0\u00a0\u00a0\u00a0\u00a0\u00a0\u00a0\u00a0\u00a0\u00a0\u00a0\u00a0\u00a0\u00a0\u00a0\u00a0\u00a0\u00a0\u00a0\u00a0\u00a0\u00a0 Timo Willkomm<\/li>\n<li>Stellv. Gemeindejugendfeuerwehrwart: \u00a0\u00a0\u00a0\u00a0\u00a0\u00a0\u00a0\u00a0\u00a0\u00a0\u00a0\u00a0\u00a0\u00a0\u00a0\u00a0\u00a0\u00a0\u00a0\u00a0\u00a0\u00a0\u00a0\u00a0\u00a0\u00a0\u00a0\u00a0\u00a0\u00a0\u00a0\u00a0\u00a0\u00a0\u00a0\u00a0\u00a0 Christian Maul<\/li>\n<li>Gemeindejugendfeuerwehr-Sprecher:\u00a0\u00a0\u00a0\u00a0\u00a0\u00a0\u00a0\u00a0\u00a0\u00a0\u00a0\u00a0\u00a0\u00a0\u00a0\u00a0\u00a0\u00a0\u00a0\u00a0\u00a0\u00a0\u00a0\u00a0\u00a0\u00a0\u00a0\u00a0\u00a0\u00a0\u00a0\u00a0\u00a0\u00a0\u00a0\u00a0\u00a0\u00a0\u00a0\u00a0\u00a0 Christoph Sch\u00e4fer<\/li>\n<li>Stellv. Gemeindejugendfeuerwehr-Sprecherin:\u00a0\u00a0\u00a0\u00a0\u00a0\u00a0\u00a0\u00a0\u00a0\u00a0\u00a0\u00a0\u00a0\u00a0\u00a0\u00a0\u00a0\u00a0\u00a0\u00a0\u00a0\u00a0\u00a0 Leonie Fr\u00f6hlich<\/li>\n<\/ul>\n<p>&nbsp;<\/p>\n","protected":false},"excerpt":{"rendered":"<p>Am 15.02.2013 fanden im B\u00fcrgerhaus Dipperz \u00a0Neuwahlen des Gemeindejugendfeuerwehrwartes (GJFW) sowie des stellvertretendem GJFW und des Gemeindejugendfeuerwehr-Sprechers sowie seines Stellvertreters an. Nach f\u00fcnf Jahren als Gemeindejugendfeuerwehrwart und Jugendwart der Gemeinde Dipperz, trat Stefan Mehler als Gemeindejugendfeuerwehrwart zur\u00fcck. Das Amt des JFW in Dipperz f\u00fchrt er weiter fort. \u00a0Timo Willkomm wurde einstimmig als GJFW gew\u00e4hlt. F\u00fcr&hellip;&nbsp;<a href=\"http:\/\/feuerwehr-dipperz.de\/index.php\/jahreshauptversammlung-der-jugendfeuerwehren-der-gemeinde-dipperz\/\" rel=\"bookmark\">Weiterlesen &raquo;<span class=\"screen-reader-text\">Jahreshauptversammlung der Jugendfeuerwehren der Gemeinde Dipperz<\/span><\/a><\/p>\n","protected":false},"author":1,"featured_media":0,"comment_status":"closed","ping_status":"closed","sticky":false,"template":"","format":"standard","meta":{"neve_meta_sidebar":"","neve_meta_container":"","neve_meta_enable_content_width":"","neve_meta_content_width":0,"neve_meta_title_alignment":"","neve_meta_author_avatar":"","neve_post_elements_order":"","neve_meta_disable_header":"","neve_meta_disable_footer":"","neve_meta_disable_title":"","ngg_post_thumbnail":0,"footnotes":""},"categories":[20,1],"tags":[],"class_list":["post-5659","post","type-post","status-publish","format-standard","hentry","category-jugendfeuerwehr-blog","category-neuigkeiten"],"_links":{"self":[{"href":"http:\/\/feuerwehr-dipperz.de\/index.php\/wp-json\/wp\/v2\/posts\/5659","targetHints":{"allow":["GET"]}}],"collection":[{"href":"http:\/\/feuerwehr-dipperz.de\/index.php\/wp-json\/wp\/v2\/posts"}],"about":[{"href":"http:\/\/feuerwehr-dipperz.de\/index.php\/wp-json\/wp\/v2\/types\/post"}],"author":[{"embeddable":true,"href":"http:\/\/feuerwehr-dipperz.de\/index.php\/wp-json\/wp\/v2\/users\/1"}],"replies":[{"embeddable":true,"href":"http:\/\/feuerwehr-dipperz.de\/index.php\/wp-json\/wp\/v2\/comments?post=5659"}],"version-history":[{"count":0,"href":"http:\/\/feuerwehr-dipperz.de\/index.php\/wp-json\/wp\/v2\/posts\/5659\/revisions"}],"wp:attachment":[{"href":"http:\/\/feuerwehr-dipperz.de\/index.php\/wp-json\/wp\/v2\/media?parent=5659"}],"wp:term":[{"taxonomy":"category","embeddable":true,"href":"http:\/\/feuerwehr-dipperz.de\/index.php\/wp-json\/wp\/v2\/categories?post=5659"},{"taxonomy":"post_tag","embeddable":true,"href":"http:\/\/feuerwehr-dipperz.de\/index.php\/wp-json\/wp\/v2\/tags?post=5659"}],"curies":[{"name":"wp","href":"https:\/\/api.w.org\/{rel}","templated":true}]}}