{"id":5725,"date":"2013-02-26T12:15:25","date_gmt":"2013-02-26T11:15:25","guid":{"rendered":"http:\/\/feuerwehr-dipperz.de\/?p=5725"},"modified":"2013-02-26T13:15:18","modified_gmt":"2013-02-26T12:15:18","slug":"jahreshauptversammlung-der-feuerwehren-der-gemeinde-dipperz","status":"publish","type":"post","link":"http:\/\/feuerwehr-dipperz.de\/index.php\/jahreshauptversammlung-der-feuerwehren-der-gemeinde-dipperz\/","title":{"rendered":"Jahreshauptversammlung der Feuerwehren der Gemeinde Dipperz"},"content":{"rendered":"<p style=\"text-align: center;\" align=\"center\">vom 15. Februar 2013<\/p>\n<p style=\"text-align: justify;\">Gemeindebrandinspektor Martin R\u00fchl konnte 89 Mitglieder und G\u00e4ste zur diesj\u00e4hrigen Jahreshauptversammlung der Dipperzer Feuerwehren im B\u00fcrgerhaus von Dipperz begr\u00fc\u00dfen.<\/p>\n<p style=\"text-align: justify;\"><strong>In seinem Jahresbericht informierte der Gemeindebrandinspektor<\/strong> beginnend mit der Mitgliederstatistik der vier Ortsteilwehren. Momentan sind 130 aktive Einsatzkr\u00e4fte in den vier Ortsteilwehren gelistet, die sich wie folgt verteilen: Armenhof 20, Dipperz 56, Friesenhausen 37, Wolferts 17. In den Alters- und Ehrenabteilungen sind insgesamt 34 Mitglieder vertreten. In den drei Jugendfeuerwehren sind derzeit \u00a0insgesamt 44 Mitglieder, die sich auf Armenhof mit 10, Friesenhausen mit 12 und Dipperz mit 22 Kindern bzw. Jugendlichen verteilen.<\/p>\n<p style=\"text-align: justify;\">Im vergangenen Jahr gab es zehn Eins\u00e4tze mit insgesamt 5 Stunden 44 Minuten Einsatzzeit bzw. 164 Personalstunden zu verzeichnen. Diese gliedern sich in zwei Brandeins\u00e4tze, einen Fehlalarm und sieben technische Hilfeleistungen auf. Die durchschnittliche Ausr\u00fcckzeit belief sich auf vier Minuten. Durchschnittlich waren zw\u00f6lf Personalkr\u00e4fte im jeweiligen Einsatz.<\/p>\n<p style=\"text-align: justify;\">In seinem R\u00fcckblick der letzten f\u00fcnf Jahre stellte GBI R\u00fchl folgende markante Punkte heraus:<\/p>\n<p>&#8211; die Anschaffung von Atemschutzger\u00e4te f\u00fcr die Fahrzeuge in Armenhof und Wolferts sowie in 2012 der Beitritt zur interkommunalen Zusammenarbeit im Landkreis Fulda<\/p>\n<p>&#8211; die Installation der Handylarmierung<\/p>\n<p>&#8211; An- und Umbau des Feuerwehrhaus in Dipperz<\/p>\n<p>&#8211; die Anschaffung eines neuen MTW<\/p>\n<p>&#8211; die Gr\u00fcndung der Jugendfeuerwehr in Friesenhausen<\/p>\n<p style=\"text-align: justify;\">Er best\u00e4tigte dem B\u00fcrgermeister sowie den anwesenden Gemeindevertretern die sehr gute Ausr\u00fcstung \u00a0und Ausbildung der Dipperzer Wehren.<b><span style=\"text-decoration: underline;\"><br \/>\n<\/span><\/b><\/p>\n<p style=\"text-align: justify;\"><strong>Gemeindejugendfeuerwehrwart Stefan Mehler teilte in seinem Bericht mit<\/strong>, dass sich die Mitgliederzahl der Jugendfeuerwehren zum Jahresende 2012 bei 43 Mitgliedern (30 Jungen und 13 M\u00e4dchen) in den drei Jugendfeuerwehren bewegte. Insgesamt wurden 310 Stunden geleistet, wovon 173 Stunden \u00a0auf feuerwehr-technische Ausbildung und\u00a0 137 Stunden auf allgemeiner Jugendarbeit entfielen. H\u00f6hepunkt war am Sommer das Fest anl\u00e4sslich des 30-j\u00e4hrigen Bestehens der Jugendfeuerwehr in Dipperz. In seinem weiteren Bericht informierte er u.a. \u00fcber die Durchf\u00fchrung des Berufsfeuerwehrtags in Friesenhausen, der Leistungss-pangenabnahme und dem Absolvieren der Jugendflamme Stufe IIl.<\/p>\n<p style=\"text-align: justify;\"><strong>In seinem Gru\u00dfwort nahm B\u00fcrgermeister Klaus-Dieter Vogler Bezug<\/strong> darauf was eine Jahreshautversammlung bedeute \u2013 die allgemeine R\u00fcckschau und die Aussichten f\u00fcr die Zukunft. Mittelpunkt der heutigen Versammlung ist die Wahl der Gemeindebrandinspektoren sowie die Best\u00e4tigung der Gemeindejugendfeuerwehrwarte.<\/p>\n<p style=\"text-align: justify;\"><a href=\"http:\/\/feuerwehr-dipperz.de\/wp-content\/uploads\/2013\/02\/DSCF2604.jpg\"><img loading=\"lazy\" decoding=\"async\" class=\"aligncenter size-medium wp-image-14993\" alt=\"DSCF2604\" src=\"http:\/\/feuerwehr-dipperz.de\/wp-content\/uploads\/2013\/02\/DSCF2604-300x225.jpg\" width=\"300\" height=\"225\" \/><\/a><\/p>\n<p style=\"text-align: justify;\">Vorab \u00fcberreichte er die <strong>Ernennungsurkunden<\/strong> der in den vorherigen Versammlungen gew\u00e4hlten Wehrf\u00fchrer und deren Stellvertreter:<\/p>\n<p>&#8211; Johannes Leitsch, Wehrf\u00fchrer und Mark Henkel, stv. Wehrf\u00fchrer von Armenhof<\/p>\n<p>&#8211; Winfried Sch\u00e4fer, Wehrf\u00fchrer und Benjamin Schmitt, stv. Wehrf\u00fchrer von Dipperz<\/p>\n<p>&#8211; Florian Jordan, Wehrf\u00fchrer (stv. Wehrf\u00fchrer vorerst unbesetzt) von Friesenhausen<\/p>\n<p>&#8211; Roland M\u00fcller, Wehrf\u00fchrer und Uwe Goldbach, stv. Wehrf\u00fchrer von Wolferts<\/p>\n<p style=\"text-align: justify;\">Die Neubesetzung einiger F\u00fchrungskr\u00e4fte hat eine deutliche Verj\u00fcngung des Wehrf\u00fchrerausschuss zur Folge<\/p>\n<div id='gallery-1' class='gallery galleryid-5725 gallery-columns-3 gallery-size-thumbnail'><figure class='gallery-item'>\n\t\t\t<div class='gallery-icon landscape'>\n\t\t\t\t<a href='http:\/\/feuerwehr-dipperz.de\/wp-content\/uploads\/2013\/02\/DSCF2606-e1361881051986.jpg'><img loading=\"lazy\" decoding=\"async\" width=\"150\" height=\"150\" src=\"http:\/\/feuerwehr-dipperz.de\/wp-content\/uploads\/2013\/02\/DSCF2606-150x150.jpg\" class=\"attachment-thumbnail size-thumbnail\" alt=\"\" aria-describedby=\"gallery-1-14994\" \/><\/a>\n\t\t\t<\/div>\n\t\t\t\t<figcaption class='wp-caption-text gallery-caption' id='gallery-1-14994'>\n\t\t\t\tErnenung Werf\u00fchrer (oder stellv.)\n\t\t\t\t<\/figcaption><\/figure><figure class='gallery-item'>\n\t\t\t<div class='gallery-icon landscape'>\n\t\t\t\t<a href='http:\/\/feuerwehr-dipperz.de\/wp-content\/uploads\/2013\/02\/DSCF2610-e1361881137378.jpg'><img loading=\"lazy\" decoding=\"async\" width=\"150\" height=\"150\" src=\"http:\/\/feuerwehr-dipperz.de\/wp-content\/uploads\/2013\/02\/DSCF2610-150x150.jpg\" class=\"attachment-thumbnail size-thumbnail\" alt=\"\" aria-describedby=\"gallery-1-14991\" \/><\/a>\n\t\t\t<\/div>\n\t\t\t\t<figcaption class='wp-caption-text gallery-caption' id='gallery-1-14991'>\n\t\t\t\tEhemalige Werf\u00fchrer (oder stellv.)\n\t\t\t\t<\/figcaption><\/figure><figure class='gallery-item'>\n\t\t\t<div class='gallery-icon landscape'>\n\t\t\t\t<a href='http:\/\/feuerwehr-dipperz.de\/wp-content\/uploads\/2013\/02\/DSCF2613-e1361881163826.jpg'><img loading=\"lazy\" decoding=\"async\" width=\"150\" height=\"150\" src=\"http:\/\/feuerwehr-dipperz.de\/wp-content\/uploads\/2013\/02\/DSCF2613-150x150.jpg\" class=\"attachment-thumbnail size-thumbnail\" alt=\"\" \/><\/a>\n\t\t\t<\/div><\/figure>\n\t\t<\/div>\n\n<p style=\"text-align: justify;\">Letztendlich bedeute freiwilliger Dienst in der Feuerwehr einen Verzicht anderer Aktivit\u00e4ten und ein gro\u00dfes Opfer von Freizeit. Hier\u00fcber erfreue es ihn welcher Stellenwert die Jugendfeuerwehr besitzt und das es viele Jugendliche gibt, die die Zukunft der Einsatzabteilungen erhalten. Sein Dank geht an alle Jugendliche die hierf\u00fcr bereitstehen und ein besonderer Dank ergeht an diejenigen die sie dabei tatkr\u00e4ftig unterst\u00fctzen.<\/p>\n<p style=\"text-align: justify;\"><strong>Bei den Neuwahlen kam es zu folgenden Ergebnissen<\/strong>:<\/p>\n<p style=\"text-align: justify;\">als Gemeindebrandinspektor wurde Martin R\u00fchl ohne Gegenkandidat einstimmig wiedergew\u00e4hlt. Bei der Wahl zum Stellvertreter kommt es nochmals zu einem weiteren Versammlungstermin, da kein Kandidat zur Nachfolge vom bisherigen Amtsinhaber Roland M\u00fcller gew\u00e4hlt wurde.<\/p>\n<p style=\"text-align: justify;\">In der zuvor stattgefundenen Jahreshauptversammlung der Jugendfeuerwehren wurden zum Gemeindejugendfeuerwehrwart Timo Willkomm und zu seinem Stellvertreter Christian Maul gew\u00e4hlt und von der Versammlung best\u00e4tigt.<\/p>\n<p style=\"text-align: justify;\">Kreisbrandmeister Klaus Blum hatte die ehrenvolle Aufgabe verdiente Feuerwehrkameraden f\u00fcr ihren langj\u00e4hrigen Dienst bzw. Mitgliedschaft auszuzeichnen.<\/p>\n<p style=\"text-align: justify;\">Die <strong>Verleihung<\/strong> der St-Florians-Plakette des Kurhessisch-Waldeckscher-Feuerwehrverbands f\u00fcr langj\u00e4hrige Mitgliedschaft in der Feuerwehr erfolgte<\/p>\n<p>f\u00fcr 40 Jahre:\u00a0 an Wolfgang Trabert, Wolferts<\/p>\n<p>f\u00fcr 50 Jahre:\u00a0 an Josef Pappert, Dipperz<\/p>\n<p>f\u00fcr 60 Jahre:\u00a0 an Emil Fl\u00fcgel, Wolferts<\/p>\n<figure id=\"attachment_14992\" aria-describedby=\"caption-attachment-14992\" style=\"width: 300px\" class=\"wp-caption aligncenter\"><a href=\"http:\/\/feuerwehr-dipperz.de\/wp-content\/uploads\/2013\/02\/DSCF2643.jpg\"><img loading=\"lazy\" decoding=\"async\" class=\"size-medium wp-image-14992\" alt=\"Verleihung 50\/60 Jahre\" src=\"http:\/\/feuerwehr-dipperz.de\/wp-content\/uploads\/2013\/02\/DSCF2643-300x225.jpg\" width=\"300\" height=\"225\" \/><\/a><figcaption id=\"caption-attachment-14992\" class=\"wp-caption-text\">v. l. n. r. Josef Pappert, Klaus Diter Vogler, Emil Fl\u00fcgel, Klaus Blum, Martin R\u00fchl.<\/figcaption><\/figure>\n<p style=\"text-align: justify;\">Nachdem in 2011 erstmals die vom Land Hessen ausgelobte Anerkennungspr\u00e4mie zur W\u00fcrdigung langj\u00e4hrigen aktiven Feuerwehrdienstes an drei Kameraden ausgezahlt wurde, erhielten dieses Jahr mehrere Kameraden \u00a0die entsprechenden Pr\u00e4mien \u00fcberreicht<\/p>\n<p>f\u00fcr 10 Jahre: \u00a0\u00a0\u00a0\u00a0\u00a0\u00a0 Carsten Detig und Philip Jordan (beide Friesenhausen), Markus K\u00f6nig (Dipperz) und Wolfgang M\u00fcller (Wolferts)<\/p>\n<p>f\u00fcr 20 Jahre:\u00a0\u00a0\u00a0\u00a0\u00a0\u00a0\u00a0 Martin R\u00fchl (Dipperz) und Frank M\u00fcglich (Friesenhausen)<\/p>\n<p>f\u00fcr 30 Jahre: \u00a0\u00a0\u00a0\u00a0\u00a0\u00a0 Roland M\u00fcller (Wolferts)<\/p>\n<p>f\u00fcr 40 Jahre: \u00a0\u00a0\u00a0\u00a0\u00a0\u00a0 Paul Kalveram, Richard Karges und Ewald Ebert (alle Friesenhausen)<\/p>\n<p>f\u00fcr 40+:\u00a0\u00a0\u00a0\u00a0\u00a0\u00a0\u00a0\u00a0\u00a0\u00a0\u00a0\u00a0\u00a0\u00a0\u00a0 Josef Vey (Wolferts) Eugen Zengerle und Peter Heum\u00fcller (beide Dipperz)<\/p>\n<p><em>Verfasser: Andreas Trapp<\/em><\/p>\n","protected":false},"excerpt":{"rendered":"<p>vom 15. Februar 2013 Gemeindebrandinspektor Martin R\u00fchl konnte 89 Mitglieder und G\u00e4ste zur diesj\u00e4hrigen Jahreshauptversammlung der Dipperzer Feuerwehren im B\u00fcrgerhaus von Dipperz begr\u00fc\u00dfen. In seinem Jahresbericht informierte der Gemeindebrandinspektor beginnend mit der Mitgliederstatistik der vier Ortsteilwehren. Momentan sind 130 aktive Einsatzkr\u00e4fte in den vier Ortsteilwehren gelistet, die sich wie folgt verteilen: Armenhof 20, Dipperz 56,&hellip;&nbsp;<a href=\"http:\/\/feuerwehr-dipperz.de\/index.php\/jahreshauptversammlung-der-feuerwehren-der-gemeinde-dipperz\/\" rel=\"bookmark\">Weiterlesen &raquo;<span class=\"screen-reader-text\">Jahreshauptversammlung der Feuerwehren der Gemeinde Dipperz<\/span><\/a><\/p>\n","protected":false},"author":1,"featured_media":0,"comment_status":"closed","ping_status":"closed","sticky":false,"template":"","format":"standard","meta":{"neve_meta_sidebar":"","neve_meta_container":"","neve_meta_enable_content_width":"","neve_meta_content_width":0,"neve_meta_title_alignment":"","neve_meta_author_avatar":"","neve_post_elements_order":"","neve_meta_disable_header":"","neve_meta_disable_footer":"","neve_meta_disable_title":"","ngg_post_thumbnail":0,"footnotes":""},"categories":[1],"tags":[],"class_list":["post-5725","post","type-post","status-publish","format-standard","hentry","category-neuigkeiten"],"_links":{"self":[{"href":"http:\/\/feuerwehr-dipperz.de\/index.php\/wp-json\/wp\/v2\/posts\/5725","targetHints":{"allow":["GET"]}}],"collection":[{"href":"http:\/\/feuerwehr-dipperz.de\/index.php\/wp-json\/wp\/v2\/posts"}],"about":[{"href":"http:\/\/feuerwehr-dipperz.de\/index.php\/wp-json\/wp\/v2\/types\/post"}],"author":[{"embeddable":true,"href":"http:\/\/feuerwehr-dipperz.de\/index.php\/wp-json\/wp\/v2\/users\/1"}],"replies":[{"embeddable":true,"href":"http:\/\/feuerwehr-dipperz.de\/index.php\/wp-json\/wp\/v2\/comments?post=5725"}],"version-history":[{"count":0,"href":"http:\/\/feuerwehr-dipperz.de\/index.php\/wp-json\/wp\/v2\/posts\/5725\/revisions"}],"wp:attachment":[{"href":"http:\/\/feuerwehr-dipperz.de\/index.php\/wp-json\/wp\/v2\/media?parent=5725"}],"wp:term":[{"taxonomy":"category","embeddable":true,"href":"http:\/\/feuerwehr-dipperz.de\/index.php\/wp-json\/wp\/v2\/categories?post=5725"},{"taxonomy":"post_tag","embeddable":true,"href":"http:\/\/feuerwehr-dipperz.de\/index.php\/wp-json\/wp\/v2\/tags?post=5725"}],"curies":[{"name":"wp","href":"https:\/\/api.w.org\/{rel}","templated":true}]}}