{"id":582,"date":"2011-07-25T09:52:06","date_gmt":"2011-07-25T09:52:06","guid":{"rendered":"http:\/\/feuerwehr-dipperz.de\/?p=582"},"modified":"2012-10-17T10:11:12","modified_gmt":"2012-10-17T10:11:12","slug":"gemeindefeuerwehrtag-2011","status":"publish","type":"post","link":"http:\/\/feuerwehr-dipperz.de\/index.php\/gemeindefeuerwehrtag-2011\/","title":{"rendered":"Gemeindefeuerwehrtag 2011"},"content":{"rendered":"<p style=\"text-align: justify;\">Anl\u00e4sslich des 75-j\u00e4hrigen Bestehen der Freiwlligen Feuerwehr Friesenhausen-D\u00f6rmbach wurde am 23. und 24. Juli ein Jubil\u00e4umsfest indl. des Gemeindefeuerwehrtag abgehalten. Am Samstag abend erfolgte im Dorfgemeinschaftshaus der Kommersabend mit offizieller Gr\u00fcndung der Jugendfeuerwehr Friesenhausen. Am Sonntag startete der offizielle Tag mit einem Festgottesdienst. Am Mittag nahmen mehrere Jugendfeuerwehren an einem &#8222;Spiel ohne Grenzen&#8220; teil. Nachmittags wurden den Festbesuchern durch die Dipperzer Ortsteilwehren mehrere \u00dcbungen vorgetragen.<\/p>\n<p style=\"text-align: justify;\">ngg_shortcode_0_placeholder<\/p>\n<p style=\"text-align: justify;\">Zeitungsbericht siehe: <a href=\"http:\/\/www.fuldaerzeitung.de\/nachrichten\/fulda_und_region\/Fulda-Region-Feuerwehr-Friesenhausen-Doermbach-wird-75-und-gruendet-Jugendwehr;art25,431205\">http:\/\/www.fuldaerzeitung.de\/nachrichten\/fulda_und_region\/Fulda-Region-Feuerwehr-Friesenhausen-Doermbach-wird-75-und-gruendet-Jugendwehr;art25,431205<\/a><\/p>\n<p style=\"text-align: justify;\">\n","protected":false},"excerpt":{"rendered":"<p>Anl\u00e4sslich des 75-j\u00e4hrigen Bestehen der Freiwlligen Feuerwehr Friesenhausen-D\u00f6rmbach wurde am 23. und 24. Juli ein Jubil\u00e4umsfest indl. des Gemeindefeuerwehrtag abgehalten. Am Samstag abend erfolgte im Dorfgemeinschaftshaus der Kommersabend mit offizieller Gr\u00fcndung der Jugendfeuerwehr Friesenhausen. Am Sonntag startete der offizielle Tag mit einem Festgottesdienst. Am Mittag nahmen mehrere Jugendfeuerwehren an einem &#8222;Spiel ohne Grenzen&#8220; teil. Nachmittags&hellip;&nbsp;<a href=\"http:\/\/feuerwehr-dipperz.de\/index.php\/gemeindefeuerwehrtag-2011\/\" rel=\"bookmark\">Weiterlesen &raquo;<span class=\"screen-reader-text\">Gemeindefeuerwehrtag 2011<\/span><\/a><\/p>\n","protected":false},"author":1,"featured_media":0,"comment_status":"closed","ping_status":"closed","sticky":false,"template":"","format":"standard","meta":{"neve_meta_sidebar":"","neve_meta_container":"","neve_meta_enable_content_width":"","neve_meta_content_width":0,"neve_meta_title_alignment":"","neve_meta_author_avatar":"","neve_post_elements_order":"","neve_meta_disable_header":"","neve_meta_disable_footer":"","neve_meta_disable_title":"","ngg_post_thumbnail":0,"footnotes":""},"categories":[22],"tags":[],"class_list":["post-582","post","type-post","status-publish","format-standard","hentry","category-feuerwehren-der-grosgemeinde-dipperz-ubungen"],"_links":{"self":[{"href":"http:\/\/feuerwehr-dipperz.de\/index.php\/wp-json\/wp\/v2\/posts\/582","targetHints":{"allow":["GET"]}}],"collection":[{"href":"http:\/\/feuerwehr-dipperz.de\/index.php\/wp-json\/wp\/v2\/posts"}],"about":[{"href":"http:\/\/feuerwehr-dipperz.de\/index.php\/wp-json\/wp\/v2\/types\/post"}],"author":[{"embeddable":true,"href":"http:\/\/feuerwehr-dipperz.de\/index.php\/wp-json\/wp\/v2\/users\/1"}],"replies":[{"embeddable":true,"href":"http:\/\/feuerwehr-dipperz.de\/index.php\/wp-json\/wp\/v2\/comments?post=582"}],"version-history":[{"count":0,"href":"http:\/\/feuerwehr-dipperz.de\/index.php\/wp-json\/wp\/v2\/posts\/582\/revisions"}],"wp:attachment":[{"href":"http:\/\/feuerwehr-dipperz.de\/index.php\/wp-json\/wp\/v2\/media?parent=582"}],"wp:term":[{"taxonomy":"category","embeddable":true,"href":"http:\/\/feuerwehr-dipperz.de\/index.php\/wp-json\/wp\/v2\/categories?post=582"},{"taxonomy":"post_tag","embeddable":true,"href":"http:\/\/feuerwehr-dipperz.de\/index.php\/wp-json\/wp\/v2\/tags?post=582"}],"curies":[{"name":"wp","href":"https:\/\/api.w.org\/{rel}","templated":true}]}}