{"id":599133,"date":"2016-02-16T10:42:38","date_gmt":"2016-02-16T09:42:38","guid":{"rendered":"http:\/\/feuerwehr-dipperz.de\/?p=599133"},"modified":"2016-03-05T11:00:01","modified_gmt":"2016-03-05T10:00:01","slug":"jugendfeuerwehrmann-des-jahres-2015","status":"publish","type":"post","link":"http:\/\/feuerwehr-dipperz.de\/index.php\/jugendfeuerwehrmann-des-jahres-2015\/","title":{"rendered":"Jugendfeuerwehrmann des Jahres 2015"},"content":{"rendered":"<p>Auf der Jahreshauptversammlung der Jugendfeuerwehr Dipperz am 28. Januar 2016 wurde die Auszeichnung \u201eJugendfeuerwehrmann des Jahres&#8220; verliehen. <!--more-->Aufgrund ihrer Engagements und ihrer Arbeitsbereitschaft im vergangenen Jahr erhielten nach reiflicher \u00dcberlegung die Mitglieder Veronika Wagner und Jannik Goldbach diesen Pokal.<\/p>\n<p><img loading=\"lazy\" decoding=\"async\" class=\"alignleft wp-image-599134 size-medium\" src=\"http:\/\/feuerwehr-dipperz.de\/wp-content\/uploads\/2016\/02\/img-20160212-wa0001-234x300.jpg\" alt=\"IMG-20160212-WA0001\" width=\"234\" height=\"300\" srcset=\"http:\/\/feuerwehr-dipperz.de\/wp-content\/uploads\/2016\/02\/img-20160212-wa0001-234x300.jpg 234w, http:\/\/feuerwehr-dipperz.de\/wp-content\/uploads\/2016\/02\/img-20160212-wa0001.jpg 672w\" sizes=\"auto, (max-width: 234px) 100vw, 234px\" \/><\/p>\n<p>Als Kriterien f\u00fcr die Auszeichnung wurden u.a. Motivation, Teamgeist, Kameradschaft, die regelm\u00e4\u00dfige Teilnahme an Gruppenstunden und das feuerwehrtechnische Grundwissen, welches in den einzelnen Gruppenstunden erlernt wird, in Betracht gezogen.<\/p>\n<p>Wenn <strong>DU<\/strong> \u201eJugendfeuerwehrmann des Jahres 2016&#8243; werden willst, dann komme bei uns vorbei und erlerne mit Spiel und Spa\u00df feuerwehrtechnisches Grundwissen. Die n\u00e4chste Gruppenstunde findet am 25. Februar 2016 um 18.30 Uhr im Feuerwehrhaus Dipperz statt (Download <\/p>\n","protected":false},"excerpt":{"rendered":"<p>Auf der Jahreshauptversammlung der Jugendfeuerwehr Dipperz am 28. Januar 2016 wurde die Auszeichnung \u201eJugendfeuerwehrmann des Jahres&#8220; verliehen.<\/p>\n","protected":false},"author":666670,"featured_media":599188,"comment_status":"closed","ping_status":"closed","sticky":false,"template":"","format":"standard","meta":{"neve_meta_sidebar":"","neve_meta_container":"","neve_meta_enable_content_width":"","neve_meta_content_width":0,"neve_meta_title_alignment":"","neve_meta_author_avatar":"","neve_post_elements_order":"","neve_meta_disable_header":"","neve_meta_disable_footer":"","neve_meta_disable_title":"","ngg_post_thumbnail":0,"footnotes":""},"categories":[20,34,1],"tags":[],"class_list":["post-599133","post","type-post","status-publish","format-standard","has-post-thumbnail","hentry","category-jugendfeuerwehr-blog","category-jugendfeurwehren-dipperz","category-neuigkeiten"],"_links":{"self":[{"href":"http:\/\/feuerwehr-dipperz.de\/index.php\/wp-json\/wp\/v2\/posts\/599133","targetHints":{"allow":["GET"]}}],"collection":[{"href":"http:\/\/feuerwehr-dipperz.de\/index.php\/wp-json\/wp\/v2\/posts"}],"about":[{"href":"http:\/\/feuerwehr-dipperz.de\/index.php\/wp-json\/wp\/v2\/types\/post"}],"author":[{"embeddable":true,"href":"http:\/\/feuerwehr-dipperz.de\/index.php\/wp-json\/wp\/v2\/users\/666670"}],"replies":[{"embeddable":true,"href":"http:\/\/feuerwehr-dipperz.de\/index.php\/wp-json\/wp\/v2\/comments?post=599133"}],"version-history":[{"count":0,"href":"http:\/\/feuerwehr-dipperz.de\/index.php\/wp-json\/wp\/v2\/posts\/599133\/revisions"}],"wp:featuredmedia":[{"embeddable":true,"href":"http:\/\/feuerwehr-dipperz.de\/index.php\/wp-json\/wp\/v2\/media\/599188"}],"wp:attachment":[{"href":"http:\/\/feuerwehr-dipperz.de\/index.php\/wp-json\/wp\/v2\/media?parent=599133"}],"wp:term":[{"taxonomy":"category","embeddable":true,"href":"http:\/\/feuerwehr-dipperz.de\/index.php\/wp-json\/wp\/v2\/categories?post=599133"},{"taxonomy":"post_tag","embeddable":true,"href":"http:\/\/feuerwehr-dipperz.de\/index.php\/wp-json\/wp\/v2\/tags?post=599133"}],"curies":[{"name":"wp","href":"https:\/\/api.w.org\/{rel}","templated":true}]}}