{"id":599269,"date":"2016-08-02T17:59:51","date_gmt":"2016-08-02T15:59:51","guid":{"rendered":"http:\/\/feuerwehr-dipperz.de\/?p=599269"},"modified":"2016-08-21T11:46:30","modified_gmt":"2016-08-21T09:46:30","slug":"kennlerntag-der-jugendfeuerwehr","status":"publish","type":"post","link":"http:\/\/feuerwehr-dipperz.de\/index.php\/kennlerntag-der-jugendfeuerwehr\/","title":{"rendered":"Kennlerntag der Jugendfeuerwehr"},"content":{"rendered":"<p>Du bist zwischen 9 und 17 Jahre alt,\u00a0 hast Lust Ausfl\u00fcge zu machen, zum Zeltlager zu fahren und interessierst dich f\u00fcr die Feuerwehr? Dann komm am<strong> Samstag, <\/strong>den<strong> 20.08.<\/strong>2016, ab<strong> 10 Uhr <\/strong>zum<strong> Kennlerntag der Jugendfeuerwehr <\/strong>am Feuerwehrhaus in Dipperz.<!--more--><\/p>\n<p>Dort kannst du spannende Aktionen erleben, dich \u00fcber die Ausbildung im Feuerwehrdienst und die Mitgliedschaft in der Jugendfeuerwehr informieren. Um 15 Uhr findet au\u00dferdem eine <strong>Informationsrunde f\u00fcr die Eltern <\/strong>interessierter Kinder mit <strong>B\u00fcrgermeister Klaus-Dieter Vogler <\/strong>statt, um Fragen zur Mitgliedschaft, Absicherung durch die Versicherung etc. zu kl\u00e4ren. F\u00fcr das leibliche Wohl ist gesorgt.<\/p>\n<p>Die <strong>Jugendfeuerwehr der Gemeinde Dipperz <\/strong>w\u00fcrde sich sehr freuen, wenn viele Kinder, Jugendliche und auch deren Eltern Interesse an der Arbeit der Jugendfeuerwehr zeigen und dieser Einladung folgen w\u00fcrden.<\/p>\n<p>F\u00fcr eine bessere Planung bitten wir Dich bzw. Deine Eltern um eine kurze R\u00fcckmeldung:<\/p>\n<p><strong>Raphael Goldbach \u2013 Jugendfeuerwehrwart<br \/>\n<\/strong>raphael-goldbach@feuerwehr-dipperz.de\u00a0\u00a0\u00a0\u00a0\u00a0 0151 21339729<\/p>\n<p><strong>Wolfram Liermann- stellv. Jugendfeuerwehrwart<br \/>\n<\/strong>wolfram-liermann@feuerwehr-dipperz.de\u00a0\u00a0\u00a0 0151 40749821<\/p>\n","protected":false},"excerpt":{"rendered":"<p>Du bist zwischen 9 und 17 Jahre alt,\u00a0 hast Lust Ausfl\u00fcge zu machen, zum Zeltlager zu fahren und interessierst dich f\u00fcr die Feuerwehr? Dann komm am Samstag, den 20.08.2016, ab 10 Uhr zum Kennlerntag der Jugendfeuerwehr am Feuerwehrhaus in Dipperz.<\/p>\n","protected":false},"author":666670,"featured_media":599271,"comment_status":"closed","ping_status":"closed","sticky":false,"template":"","format":"standard","meta":{"neve_meta_sidebar":"","neve_meta_container":"","neve_meta_enable_content_width":"","neve_meta_content_width":0,"neve_meta_title_alignment":"","neve_meta_author_avatar":"","neve_post_elements_order":"","neve_meta_disable_header":"","neve_meta_disable_footer":"","neve_meta_disable_title":"","ngg_post_thumbnail":0,"footnotes":""},"categories":[20,34,1],"tags":[],"class_list":["post-599269","post","type-post","status-publish","format-standard","has-post-thumbnail","hentry","category-jugendfeuerwehr-blog","category-jugendfeurwehren-dipperz","category-neuigkeiten"],"_links":{"self":[{"href":"http:\/\/feuerwehr-dipperz.de\/index.php\/wp-json\/wp\/v2\/posts\/599269","targetHints":{"allow":["GET"]}}],"collection":[{"href":"http:\/\/feuerwehr-dipperz.de\/index.php\/wp-json\/wp\/v2\/posts"}],"about":[{"href":"http:\/\/feuerwehr-dipperz.de\/index.php\/wp-json\/wp\/v2\/types\/post"}],"author":[{"embeddable":true,"href":"http:\/\/feuerwehr-dipperz.de\/index.php\/wp-json\/wp\/v2\/users\/666670"}],"replies":[{"embeddable":true,"href":"http:\/\/feuerwehr-dipperz.de\/index.php\/wp-json\/wp\/v2\/comments?post=599269"}],"version-history":[{"count":0,"href":"http:\/\/feuerwehr-dipperz.de\/index.php\/wp-json\/wp\/v2\/posts\/599269\/revisions"}],"wp:featuredmedia":[{"embeddable":true,"href":"http:\/\/feuerwehr-dipperz.de\/index.php\/wp-json\/wp\/v2\/media\/599271"}],"wp:attachment":[{"href":"http:\/\/feuerwehr-dipperz.de\/index.php\/wp-json\/wp\/v2\/media?parent=599269"}],"wp:term":[{"taxonomy":"category","embeddable":true,"href":"http:\/\/feuerwehr-dipperz.de\/index.php\/wp-json\/wp\/v2\/categories?post=599269"},{"taxonomy":"post_tag","embeddable":true,"href":"http:\/\/feuerwehr-dipperz.de\/index.php\/wp-json\/wp\/v2\/tags?post=599269"}],"curies":[{"name":"wp","href":"https:\/\/api.w.org\/{rel}","templated":true}]}}