{"id":599331,"date":"2016-09-21T18:08:37","date_gmt":"2016-09-21T16:08:37","guid":{"rendered":"http:\/\/feuerwehr-dipperz.de\/?p=599331"},"modified":"2018-02-02T15:33:38","modified_gmt":"2018-02-02T14:33:38","slug":"gruendungsfeier-kinderfeuerwehr-dipperz","status":"publish","type":"post","link":"http:\/\/feuerwehr-dipperz.de\/index.php\/gruendungsfeier-kinderfeuerwehr-dipperz\/","title":{"rendered":"Gr\u00fcndungsfeier &#8211; Kinderfeuerwehr Dipperz"},"content":{"rendered":"<p>Am 28. August wurde die Kinderfeuerwehr Dipperz w\u00e4hrend des Dorffestes in Wolferts offiziell gegr\u00fcndet.<!--more-->Eine Satzungs\u00e4nderung der FF Dipperz hat es m\u00f6glich gemacht, die erste Kinderfeuerwehr in der Gro\u00dfgemeinde zu gr\u00fcnden. Schnell haben sich 4 Betreuer gefunden, die mit gro\u00dfer Freude die Gruppenstunden vorbereiten. Der Gruppenleiter Wolfgang M\u00fcller mit seinem Team Sandra Renker, J\u00fcrgen Dauzenroth und Heiko Gr\u00f6sch leiten die Kindergruppe seit Anfang des Jahres. Am 16. Januar fand das erste Treffen der Kinderfeuerwehr Dipperz statt.<\/p>\n<div id='gallery-1' class='gallery galleryid-599331 gallery-columns-3 gallery-size-thumbnail'><figure class='gallery-item'>\n\t\t\t<div class='gallery-icon portrait'>\n\t\t\t\t<a href='http:\/\/feuerwehr-dipperz.de\/wp-content\/uploads\/2016\/09\/gruendungsfeier-kinderfeuerwehr-dipperz.jpg'><img loading=\"lazy\" decoding=\"async\" width=\"150\" height=\"150\" src=\"http:\/\/feuerwehr-dipperz.de\/wp-content\/uploads\/2016\/09\/gruendungsfeier-kinderfeuerwehr-dipperz-150x150.jpg\" class=\"attachment-thumbnail size-thumbnail\" alt=\"\" \/><\/a>\n\t\t\t<\/div><\/figure><figure class='gallery-item'>\n\t\t\t<div class='gallery-icon portrait'>\n\t\t\t\t<a href='http:\/\/feuerwehr-dipperz.de\/wp-content\/uploads\/2016\/09\/gruendungsfeier-kinderfeuerwehr-dipperz-2.jpg'><img loading=\"lazy\" decoding=\"async\" width=\"150\" height=\"150\" src=\"http:\/\/feuerwehr-dipperz.de\/wp-content\/uploads\/2016\/09\/gruendungsfeier-kinderfeuerwehr-dipperz-2-150x150.jpg\" class=\"attachment-thumbnail size-thumbnail\" alt=\"\" \/><\/a>\n\t\t\t<\/div><\/figure>\n\t\t<\/div>\n\n<p style=\"text-align: justify;\">W\u00e4hrend der Gr\u00fcndungsfeier haben die Kinder T-Shirts und Base Caps erhalten, so da\u00df die Gruppe nun auch einen einheitlichen Auftritt nach au\u00dfen zeigen kann. Das \u201cMaskottchen \u2013 Grisu der kleine Drache\u201c wurde von Bernward M\u00fcnker-Breidung, stellvertretender \u00a0Kreisjugendfeuerwehrwart, \u00fcberreicht und wird sicherlich ein Ehrenplatz im Feuerwehrhaus bekommen. Im Anschlu\u00df an die Gr\u00fcndungsfeier informierte eine Diashow die Besucher \u00fcber die bisherigen Aktivit\u00e4ten der Gruppe.<\/p>\n<p style=\"text-align: justify;\">Das Angebot der Kinderfeuerwehr richtet sich an Kinder im Alter von 6 bis 10 Jahre, um die Feuerwehr spielerisch kennenzulernen. Die Gruppenstunden finden jeden ersten Samstag im Monat von 16:00 Uhr bis 17:30 Uhr im Dorfgemeinschaftshaus in Wolferts statt. Ein Erster Hilfe Lehrgang, Besuch der Kletterhalle in Poppenhausen, Osterputz, Schneewanderung, Grillen mit den Eltern und eine \u00dcbung mit der aktiven Feuerwehr Wolferts-Finkenhain sind nur einige Programmpunkte, welche zum Jahreskalender der Kinderfeuerwehr geh\u00f6ren und manchmal leuchten die Kinderaugen schon, wenn die Kinder eine Runde mit der Feuerwehrauto drehen.<\/p>\n<p style=\"text-align: justify;\">Die Kinderfeuerwehr Dipperz m\u00f6chte sich an dieser Stelle nochmal f\u00fcr alle Geschenke und bei den Sponsoren der T-Shirts und Base Caps, der Firma Gustav Matzunsky GmbH &amp; Co. KG, Fenster + T\u00fcren, der Firma Markus Lowski, Metallbau und der Metzgerei Martin Frohnapfel ganz herzlich bedanken!<\/p>\n<p style=\"text-align: justify;\">Die 18 Gr\u00fcndungsmitglieder: \u00a0Aaron Arnold, Ben Baier, Maximilian Breitung, Moritz Breitung, Noah Cath , Anne Dehler, Jan Dehler, Fiona Goldbach, Julian Goldbach, Pascal Gr\u00f6sch, Yanic Hirsch, Nils J\u00e4ger, Johannes Krebs, Merlin M\u00fcller, Ben Pappert, Leon Renker, Valentin Riedl und Louis Weber.<\/p>\n","protected":false},"excerpt":{"rendered":"<p>Am 28. August wurde die Kinderfeuerwehr Dipperz w\u00e4hrend des Dorffestes in Wolferts offiziell gegr\u00fcndet.<\/p>\n","protected":false},"author":666670,"featured_media":599339,"comment_status":"closed","ping_status":"closed","sticky":false,"template":"","format":"standard","meta":{"neve_meta_sidebar":"","neve_meta_container":"","neve_meta_enable_content_width":"","neve_meta_content_width":0,"neve_meta_title_alignment":"","neve_meta_author_avatar":"","neve_post_elements_order":"","neve_meta_disable_header":"","neve_meta_disable_footer":"","neve_meta_disable_title":"","ngg_post_thumbnail":0,"footnotes":""},"categories":[48,46,1],"tags":[],"class_list":["post-599331","post","type-post","status-publish","format-standard","has-post-thumbnail","hentry","category-gruppe-1","category-kinderfeuerwehr","category-neuigkeiten"],"_links":{"self":[{"href":"http:\/\/feuerwehr-dipperz.de\/index.php\/wp-json\/wp\/v2\/posts\/599331","targetHints":{"allow":["GET"]}}],"collection":[{"href":"http:\/\/feuerwehr-dipperz.de\/index.php\/wp-json\/wp\/v2\/posts"}],"about":[{"href":"http:\/\/feuerwehr-dipperz.de\/index.php\/wp-json\/wp\/v2\/types\/post"}],"author":[{"embeddable":true,"href":"http:\/\/feuerwehr-dipperz.de\/index.php\/wp-json\/wp\/v2\/users\/666670"}],"replies":[{"embeddable":true,"href":"http:\/\/feuerwehr-dipperz.de\/index.php\/wp-json\/wp\/v2\/comments?post=599331"}],"version-history":[{"count":0,"href":"http:\/\/feuerwehr-dipperz.de\/index.php\/wp-json\/wp\/v2\/posts\/599331\/revisions"}],"wp:featuredmedia":[{"embeddable":true,"href":"http:\/\/feuerwehr-dipperz.de\/index.php\/wp-json\/wp\/v2\/media\/599339"}],"wp:attachment":[{"href":"http:\/\/feuerwehr-dipperz.de\/index.php\/wp-json\/wp\/v2\/media?parent=599331"}],"wp:term":[{"taxonomy":"category","embeddable":true,"href":"http:\/\/feuerwehr-dipperz.de\/index.php\/wp-json\/wp\/v2\/categories?post=599331"},{"taxonomy":"post_tag","embeddable":true,"href":"http:\/\/feuerwehr-dipperz.de\/index.php\/wp-json\/wp\/v2\/tags?post=599331"}],"curies":[{"name":"wp","href":"https:\/\/api.w.org\/{rel}","templated":true}]}}