{"id":599567,"date":"2017-09-09T17:27:23","date_gmt":"2017-09-09T15:27:23","guid":{"rendered":"http:\/\/feuerwehr-dipperz.de\/?p=599567"},"modified":"2017-10-29T15:34:09","modified_gmt":"2017-10-29T14:34:09","slug":"ein-tag-im-leben-als-feuerwehrmann-frau","status":"publish","type":"post","link":"http:\/\/feuerwehr-dipperz.de\/index.php\/ein-tag-im-leben-als-feuerwehrmann-frau\/","title":{"rendered":"Ein Tag im Leben als Feuerwehrmann\/-frau"},"content":{"rendered":"<p dir=\"ltr\">Am ersten Septemberwochenende war es wieder soweit: Der alle zwei Jahre stattfindende Berufsfeuerwehrtag der&nbsp;Jugendfeuerwehren Dipperz wurde organisiert <!--more-->und mit <a href=\"tel:12\">14<\/a> interessierten Mitgliedern der Jugendfeuerwehren Dipperz und Armenhof durchgef\u00fchrt. Daf\u00fcr hatten sich die Betreuer in den Wochen davor m\u00f6glichst realit\u00e4tsnahe Eins\u00e4tze und deren Nachstellung \u00fcberlegt.<\/p>\n<p dir=\"ltr\">Nachdem am Freitagabend das Nachtquartier im Feuerwehrhaus bezogen wurde, lie\u00dfen die ersten Eins\u00e4tze nicht lange auf sich warten: Es musste sowohl ein Wespennest als auch eine \u00d6lspur beseitigt werden. Nach der erfolgreichen Bew\u00e4ltigung dieser&nbsp;Eins\u00e4tze konnte zusammen das Abendessen im Feuerwehrhaus eingenommen werden.<\/p>\n<div id='gallery-1' class='gallery galleryid-599567 gallery-columns-3 gallery-size-thumbnail'><figure class='gallery-item'>\n\t\t\t<div class='gallery-icon landscape'>\n\t\t\t\t<a href='http:\/\/feuerwehr-dipperz.de\/wp-content\/uploads\/2017\/09\/IMG_20170902_100906.jpg'><img loading=\"lazy\" decoding=\"async\" width=\"150\" height=\"150\" src=\"http:\/\/feuerwehr-dipperz.de\/wp-content\/uploads\/2017\/09\/IMG_20170902_100906-150x150.jpg\" class=\"attachment-thumbnail size-thumbnail\" alt=\"\" \/><\/a>\n\t\t\t<\/div><\/figure><figure class='gallery-item'>\n\t\t\t<div class='gallery-icon portrait'>\n\t\t\t\t<a href='http:\/\/feuerwehr-dipperz.de\/wp-content\/uploads\/2017\/09\/IMG-20170902-WA0061.jpg'><img loading=\"lazy\" decoding=\"async\" width=\"150\" height=\"150\" src=\"http:\/\/feuerwehr-dipperz.de\/wp-content\/uploads\/2017\/09\/IMG-20170902-WA0061-150x150.jpg\" class=\"attachment-thumbnail size-thumbnail\" alt=\"\" \/><\/a>\n\t\t\t<\/div><\/figure><figure class='gallery-item'>\n\t\t\t<div class='gallery-icon landscape'>\n\t\t\t\t<a href='http:\/\/feuerwehr-dipperz.de\/wp-content\/uploads\/2017\/09\/IMG-20170902-WA0029.jpg'><img loading=\"lazy\" decoding=\"async\" width=\"150\" height=\"150\" src=\"http:\/\/feuerwehr-dipperz.de\/wp-content\/uploads\/2017\/09\/IMG-20170902-WA0029-150x150.jpg\" class=\"attachment-thumbnail size-thumbnail\" alt=\"\" \/><\/a>\n\t\t\t<\/div><\/figure><figure class='gallery-item'>\n\t\t\t<div class='gallery-icon landscape'>\n\t\t\t\t<a href='http:\/\/feuerwehr-dipperz.de\/wp-content\/uploads\/2017\/09\/IMG_20170902_065340.jpg'><img loading=\"lazy\" decoding=\"async\" width=\"150\" height=\"150\" src=\"http:\/\/feuerwehr-dipperz.de\/wp-content\/uploads\/2017\/09\/IMG_20170902_065340-150x150.jpg\" class=\"attachment-thumbnail size-thumbnail\" alt=\"\" \/><\/a>\n\t\t\t<\/div><\/figure><figure class='gallery-item'>\n\t\t\t<div class='gallery-icon landscape'>\n\t\t\t\t<a href='http:\/\/feuerwehr-dipperz.de\/wp-content\/uploads\/2017\/09\/IMG_20170901_193731.jpg'><img loading=\"lazy\" decoding=\"async\" width=\"150\" height=\"150\" src=\"http:\/\/feuerwehr-dipperz.de\/wp-content\/uploads\/2017\/09\/IMG_20170901_193731-150x150.jpg\" class=\"attachment-thumbnail size-thumbnail\" alt=\"\" \/><\/a>\n\t\t\t<\/div><\/figure><figure class='gallery-item'>\n\t\t\t<div class='gallery-icon landscape'>\n\t\t\t\t<a href='http:\/\/feuerwehr-dipperz.de\/wp-content\/uploads\/2017\/09\/IMG-20170902-WA0006.jpg'><img loading=\"lazy\" decoding=\"async\" width=\"150\" height=\"150\" src=\"http:\/\/feuerwehr-dipperz.de\/wp-content\/uploads\/2017\/09\/IMG-20170902-WA0006-150x150.jpg\" class=\"attachment-thumbnail size-thumbnail\" alt=\"\" \/><\/a>\n\t\t\t<\/div><\/figure>\n\t\t<\/div>\n\n<p dir=\"ltr\">Die freie Zeit nach dem Essen wurde dann mit Spielen und Freizeit gef\u00fcllt, bis am sp\u00e4ten Abend der n\u00e4chste Einsatz folgte. Diesmal galt es einen umgest\u00fcrzten Baum von der Stra\u00dfe zu r\u00e4umen. Auch diese Aufgabe wurden von den Kindern und Jugendlichen gut gemeistert und es war nun Zeit f\u00fcr die Nachtruhe.<\/p>\n<p dir=\"ltr\">In den fr\u00fchen Morgenstunden des Samstags ging erneut ein Notruf an die Kinder und Jugendlichen im Feuerwehrhaus ein: Ein Mountainbikefahrer wurde im Wald vermisst, also machten die zuk\u00fcnftigen Feuerwehrm\u00e4nner und -frauen sich angepasst an die Witterungsverh\u00e4ltnisse auf die Suche nach der vermissten Person. Die Person wurde am Rande eines Waldst\u00fccks gefunden, sie war vom Weg abgekommen und gest\u00fcrzt. Anschlie\u00dfend folgte das gemeinsame Fr\u00fchst\u00fcck im Feuerwehrhaus.<\/p>\n<p dir=\"ltr\"><a href=\"http:\/\/feuerwehr-dipperz.de\/wp-content\/uploads\/2017\/09\/IMG_20170902_063324_0062.jpg\"><img loading=\"lazy\" decoding=\"async\" class=\"size-medium wp-image-599579 alignright\" src=\"http:\/\/feuerwehr-dipperz.de\/wp-content\/uploads\/2017\/09\/IMG_20170902_063324_0062-300x225.jpg\" alt=\"\" width=\"300\" height=\"225\" srcset=\"http:\/\/feuerwehr-dipperz.de\/wp-content\/uploads\/2017\/09\/IMG_20170902_063324_0062-300x225.jpg 300w, http:\/\/feuerwehr-dipperz.de\/wp-content\/uploads\/2017\/09\/IMG_20170902_063324_0062-830x623.jpg 830w, http:\/\/feuerwehr-dipperz.de\/wp-content\/uploads\/2017\/09\/IMG_20170902_063324_0062-1024x768.jpg 1024w\" sizes=\"auto, (max-width: 300px) 100vw, 300px\" \/><\/a>Die darauffolgende \u00dcberpr\u00fcfung und Wartung der Einsatzfahrzeuge musste auf Grund einer unklaren Rauchentwicklung in einer ortsans\u00e4ssigen Firma unterbrochen werden. Gl\u00fccklicherweise stellte sich dieser Notruf als Fehlalarm heraus. Anschlie\u00dfend folgte eine theoretische Lerneinheit zum Thema \u201eL\u00f6schmittel Schaum\u201c und eine Vorstellung des &#8222;neuen&#8220; Einsatzleitwagens.<\/p>\n<p dir=\"ltr\">&nbsp;<\/p>\n<p dir=\"ltr\"><a href=\"http:\/\/feuerwehr-dipperz.de\/wp-content\/uploads\/2017\/09\/IMG-20170902-WA0059.jpg\"><img loading=\"lazy\" decoding=\"async\" class=\"size-medium wp-image-599581 alignright\" src=\"http:\/\/feuerwehr-dipperz.de\/wp-content\/uploads\/2017\/09\/IMG-20170902-WA0059-300x225.jpg\" alt=\"\" width=\"300\" height=\"225\" srcset=\"http:\/\/feuerwehr-dipperz.de\/wp-content\/uploads\/2017\/09\/IMG-20170902-WA0059-300x225.jpg 300w, http:\/\/feuerwehr-dipperz.de\/wp-content\/uploads\/2017\/09\/IMG-20170902-WA0059.jpg 499w\" sizes=\"auto, (max-width: 300px) 100vw, 300px\" \/><\/a>Nach dem Mittagessen wurden die Kinder und Jugendlichen zu einer brennenden Gartenh\u00fctte etwas au\u00dferhalb des Ortes gerufen. Beim Eintreffen an der Einsatzstelle zeigte sich, dass h\u00f6chste Eile geboten ist; die Gartenh\u00fctte stand im Vollbrand. Durch gute Teamarbeit und Anleitung der erfahrenen Betreuer konnte auch dieses Szenario von den Mitgliedern der Jugendfeuerwehren gut bew\u00e4ltigt werden und bot damit einen erfolgreichen Abschluss f\u00fcr spannende Stunden im Leben als Feuerwehrmann\/-frau.<\/p>\n","protected":false},"excerpt":{"rendered":"<p>Am ersten Septemberwochenende war es wieder soweit: Der alle zwei Jahre stattfindende Berufsfeuerwehrtag der&nbsp;Jugendfeuerwehren Dipperz wurde organisiert<\/p>\n","protected":false},"author":666670,"featured_media":599577,"comment_status":"closed","ping_status":"closed","sticky":false,"template":"","format":"standard","meta":{"neve_meta_sidebar":"","neve_meta_container":"","neve_meta_enable_content_width":"","neve_meta_content_width":0,"neve_meta_title_alignment":"","neve_meta_author_avatar":"","neve_post_elements_order":"","neve_meta_disable_header":"","neve_meta_disable_footer":"","neve_meta_disable_title":"","ngg_post_thumbnail":0,"footnotes":""},"categories":[20,34,1],"tags":[],"class_list":["post-599567","post","type-post","status-publish","format-standard","has-post-thumbnail","hentry","category-jugendfeuerwehr-blog","category-jugendfeurwehren-dipperz","category-neuigkeiten"],"_links":{"self":[{"href":"http:\/\/feuerwehr-dipperz.de\/index.php\/wp-json\/wp\/v2\/posts\/599567","targetHints":{"allow":["GET"]}}],"collection":[{"href":"http:\/\/feuerwehr-dipperz.de\/index.php\/wp-json\/wp\/v2\/posts"}],"about":[{"href":"http:\/\/feuerwehr-dipperz.de\/index.php\/wp-json\/wp\/v2\/types\/post"}],"author":[{"embeddable":true,"href":"http:\/\/feuerwehr-dipperz.de\/index.php\/wp-json\/wp\/v2\/users\/666670"}],"replies":[{"embeddable":true,"href":"http:\/\/feuerwehr-dipperz.de\/index.php\/wp-json\/wp\/v2\/comments?post=599567"}],"version-history":[{"count":0,"href":"http:\/\/feuerwehr-dipperz.de\/index.php\/wp-json\/wp\/v2\/posts\/599567\/revisions"}],"wp:featuredmedia":[{"embeddable":true,"href":"http:\/\/feuerwehr-dipperz.de\/index.php\/wp-json\/wp\/v2\/media\/599577"}],"wp:attachment":[{"href":"http:\/\/feuerwehr-dipperz.de\/index.php\/wp-json\/wp\/v2\/media?parent=599567"}],"wp:term":[{"taxonomy":"category","embeddable":true,"href":"http:\/\/feuerwehr-dipperz.de\/index.php\/wp-json\/wp\/v2\/categories?post=599567"},{"taxonomy":"post_tag","embeddable":true,"href":"http:\/\/feuerwehr-dipperz.de\/index.php\/wp-json\/wp\/v2\/tags?post=599567"}],"curies":[{"name":"wp","href":"https:\/\/api.w.org\/{rel}","templated":true}]}}