{"id":648,"date":"2012-12-11T15:33:24","date_gmt":"2012-12-11T14:33:24","guid":{"rendered":"http:\/\/feuerwehr-dipperz.de\/?p=648"},"modified":"2013-02-15T17:19:06","modified_gmt":"2013-02-15T16:19:06","slug":"jahreshauptversammlung-2012","status":"publish","type":"post","link":"http:\/\/feuerwehr-dipperz.de\/index.php\/jahreshauptversammlung-2012\/","title":{"rendered":"Jahreshauptversammlung 2012"},"content":{"rendered":"<p align=\"center\"><strong>\u00a0<\/strong><strong>Freitag, 30. November 2012<\/strong><\/p>\n<p style=\"text-align: justify;\">Zu Beginn seines Jahresberichtes teilte Wehrf\u00fchrer Winfried Sch\u00e4fer den aktuellen Mitgliederstand der Feuerwehr Dipperz mit. Insgesamt sind 57 Aktive in der Einsatzabteilung, 13 Mitglieder in der Alters- und Ehrenabteilung und 20 passive Mitglieder gemeldet. Einen Neueintritt in die Einsatzabteilung ist dieses Jahr nicht zu verzeichnen.<\/p>\n<p style=\"text-align: justify;\">Im Jahre 2012 besuchten 13 Kameraden Lehrg\u00e4nge auf Kreisebene und 13 Kameraden bei der Landesfeuer- wehrschule. Hierf\u00fcr dankte er besonders denjenigen die viel Zeit f\u00fcr die Lehrg\u00e4nge in Kassel investierten. Im vergangenen Jahr hatten wir 11 Eins\u00e4tze zu verzeichnen, die sich in zwei Brandeins\u00e4tze und neun technische Hilfeleistungen aufgliedern. Insgesamt wurden 146 Einsatzstunden und 515 \u00dcbungsstunden absolviert.<\/p>\n<p style=\"text-align: justify;\">In seinem weiteren Bericht gab es ein R\u00fcckblick weiterer Aktivit\u00e4ten. H\u00f6hepunkt war im M\u00e4rz die Einweihung der neuen R\u00e4umlichkeiten nach An- und Umbau des Feuerwehrhauses. Nach zweieinhalbj\u00e4hriger Bauzeit mit 6.344 Stunden Eigenleistung wurde von Landrat Woide die Schl\u00fcssel\u00fcbergabe vorgenommen.<\/p>\n<p style=\"text-align: justify;\">Ortsjugendwart Stefan Mehler informierte von den diesj\u00e4hrigen T\u00e4tigkeiten der 22 Jungen und M\u00e4dchen der Jugendfeuerwehr. 73 Stunden feuerwehrtechnischen Dienst und 99 Stunden allgemeine Jugendarbeit wurden im vergangenen Jahr absolviert. H\u00f6hepunkt war zweifelsohne das 30-j\u00e4hrige Jubil\u00e4umsfest mit verschiedenen Aktivit\u00e4ten und der Verleihung der Jugendflamme Stufe I. Im September wurde wieder nach einigen Jahren an der Leistungsspangenabnahme teilgenommen. Neun Jugendliche erhielten ihr Leistungsabzeichen. Im November erhielten elf Jugendliche ihre Auszeichnung f\u00fcr die Jugendflamme Stufe II.<\/p>\n<h3 style=\"text-align: justify;\"><strong>Gru\u00dfwort Gemeindebrandinspektor<\/strong><\/h3>\n<p style=\"text-align: justify;\">Gemeindebrandinspektor Martin R\u00fchl ging in seinem Gru\u00dfwort u.a. auf die Eins\u00e4tze des vergangenen Jahres ein. Durchschnittlich waren 15 Kameraden bei einer Ausr\u00fcckzeit von vier Minuten zum Einsatz parat. Von zwei Kameraden wurden Sanit\u00e4tslehrg\u00e4nge besucht, was sich positiv auf Eins\u00e4tze bei Unf\u00e4llen jeglicher Art auswirkt weil man entsprechend geschultes Personal dabei hat. Seit kurzer Zeit werden Lehrg\u00e4nge nur noch \u00fcber das Feuerwehrsystem \u201eFlorix\u201c EDV-technisch erfasst.<\/p>\n<h3 style=\"text-align: justify;\"><\/h3>\n<h3 style=\"text-align: justify;\"><strong>Neuwahlen Vorstand<\/strong><\/h3>\n<p style=\"text-align: justify;\">Die Wahlen erbrachten folgendes Ergebnis:<\/p>\n<p style=\"text-align: justify;\">Wehrf\u00fchrer und 1. Vorsitzender:\u00a0\u00a0\u00a0\u00a0\u00a0\u00a0\u00a0\u00a0\u00a0\u00a0\u00a0\u00a0\u00a0\u00a0\u00a0\u00a0\u00a0\u00a0\u00a0\u00a0\u00a0\u00a0\u00a0\u00a0 Winfried Sch\u00e4fer<\/p>\n<p style=\"text-align: justify;\">Stellv. Wehrf\u00fchrer und\u00a0 2. Vorsitzender:\u00a0\u00a0 \u00a0\u00a0\u00a0\u00a0\u00a0\u00a0\u00a0\u00a0\u00a0 Benjamin Schmitt<\/p>\n<p style=\"text-align: justify;\">Kassierer: \u00a0 \u00a0 \u00a0 \u00a0 \u00a0 \u00a0 \u00a0 \u00a0 \u00a0 \u00a0 \u00a0 \u00a0 \u00a0 \u00a0 \u00a0 \u00a0 \u00a0 \u00a0 \u00a0 \u00a0 \u00a0 \u00a0 \u00a0 \u00a0 \u00a0 \u00a0 \u00a0 \u00a0 \u00a0 \u00a0 \u00a0Michael Grosch<\/p>\n<p style=\"text-align: justify;\">Schriftf\u00fchrer: \u00a0 \u00a0 \u00a0 \u00a0 \u00a0 \u00a0 \u00a0 \u00a0 \u00a0 \u00a0 \u00a0 \u00a0 \u00a0 \u00a0 \u00a0 \u00a0 \u00a0 \u00a0 \u00a0 \u00a0 \u00a0 \u00a0 \u00a0 \u00a0 \u00a0 \u00a0 \u00a0 \u00a0 \u00a0Wolfram Liermann<\/p>\n<p style=\"text-align: justify;\">Beisitzer: \u00a0 \u00a0 \u00a0 \u00a0 \u00a0 \u00a0 \u00a0 \u00a0 \u00a0 \u00a0 \u00a0 \u00a0 \u00a0 \u00a0 \u00a0 \u00a0 \u00a0 \u00a0 \u00a0 \u00a0 \u00a0 \u00a0 \u00a0 \u00a0 \u00a0 \u00a0 \u00a0 \u00a0 \u00a0 \u00a0 \u00a0 \u00a0Michael Wagner und Stefan Mehler<\/p>\n<figure id=\"attachment_674\" aria-describedby=\"caption-attachment-674\" style=\"width: 640px\" class=\"wp-caption aligncenter\"><a href=\"http:\/\/feuerwehr-dipperz.de\/freiwillige-feuerwehr-dipperz-wisselsrod-e-v-vorstand\/neuer-vorstand-1\/\" rel=\"attachment wp-att-674\"><img loading=\"lazy\" decoding=\"async\" class=\"size-large wp-image-674\" title=\"Neuer Vorstand\" alt=\"Neuer Vorstand 1\" src=\"http:\/\/feuerwehr-dipperz.de\/wp-content\/uploads\/2012\/08\/Neuer-Vorstand-1-1024x461.jpg\" width=\"640\" height=\"288\" \/><\/a><figcaption id=\"caption-attachment-674\" class=\"wp-caption-text\">neuer Vorstand<\/figcaption><\/figure>\n<figure id=\"attachment_671\" aria-describedby=\"caption-attachment-671\" style=\"width: 640px\" class=\"wp-caption aligncenter\"><a href=\"http:\/\/feuerwehr-dipperz.de\/jahreshauptversammlung-2012\/alter-vorstand-3\/\" rel=\"attachment wp-att-671\"><img loading=\"lazy\" decoding=\"async\" class=\"size-large wp-image-671\" alt=\"alter Vorstand\" src=\"http:\/\/feuerwehr-dipperz.de\/wp-content\/uploads\/2012\/12\/Alter-Vorstand-3-1024x795.jpg\" width=\"640\" height=\"496\" \/><\/a><figcaption id=\"caption-attachment-671\" class=\"wp-caption-text\">alter Vorstand<\/figcaption><\/figure>\n<p style=\"text-align: justify;\">Nach den Neuwahlen sprach der Wehrf\u00fchrer Dankesworte an die ausgeschiedenen Vorstandsmitglieder Werner H\u00fcfner (30 Jahre davon 20 Jahre als Wehrf\u00fchrer bzw. stv. Wehrf\u00fchrer im Vorstand), Andreas Trapp (15 Jahre Schriftf\u00fchrer), Eugen Zengerle (25 Jahre Beisitzer) und Josef Schmitt (15 Jahre Beisitzer).<\/p>\n<h3 style=\"text-align: justify;\"><strong>Gru\u00dfwort des B\u00fcrgermeisters<\/strong><\/h3>\n<p style=\"text-align: justify;\">B\u00fcrgermeister Klaus Dieter Vogler sprach der Feuerwehr f\u00fcr ihren Einsatz gegen\u00fcber der Gemeinde Dipperz und den B\u00fcrgerinnen und B\u00fcrgern einen allgemeinen Dank aus. Die Feuerwehr hat bei den gemeindlichen Gremien gro\u00dfe Anerkennung und diese wissen auf den Verlass bei Eins\u00e4tzen.<\/p>\n<p style=\"text-align: justify;\">Sein Dank gilt dem neuen Vorstand und besonders bei den Neumitgliedern f\u00fcr ihre Wahlbereitschaft. Ebenso bedankte er sich bei den ausgeschieden Mitgliedern f\u00fcr ihre bisherige Vorstandsarbeit.<\/p>\n<p style=\"text-align: justify;\">2012 war ein ereignisreiches Jahr. Vorrangig zu nennen ist die Einf\u00fchrung der neuen Atemschutztechnik mit dem Beitritt zur interkommunalen Zusammenarbeit im Landkreis Fulda. Trotz Top ausgestatteter Atemschutz-werkstatt war der Beitritt nur richtig, da die Verantwortung im Atemschutzbereich f\u00fcr ehrenamtliche Ger\u00e4te-warte nicht mehr zumutbar ist. Hinsichtlich des noch lange andauernden Abschluss der Einf\u00fchrung des Digitalfunks war die Einf\u00fchrung der Handyalarmierung in der Gemeinde Dipperz eine Superidee.<\/p>\n","protected":false},"excerpt":{"rendered":"<p>\u00a0Freitag, 30. November 2012 Zu Beginn seines Jahresberichtes teilte Wehrf\u00fchrer Winfried Sch\u00e4fer den aktuellen Mitgliederstand der Feuerwehr Dipperz mit. Insgesamt sind 57 Aktive in der Einsatzabteilung, 13 Mitglieder in der Alters- und Ehrenabteilung und 20 passive Mitglieder gemeldet. Einen Neueintritt in die Einsatzabteilung ist dieses Jahr nicht zu verzeichnen. Im Jahre 2012 besuchten 13 Kameraden&hellip;&nbsp;<a href=\"http:\/\/feuerwehr-dipperz.de\/index.php\/jahreshauptversammlung-2012\/\" rel=\"bookmark\">Weiterlesen &raquo;<span class=\"screen-reader-text\">Jahreshauptversammlung 2012<\/span><\/a><\/p>\n","protected":false},"author":1,"featured_media":0,"comment_status":"closed","ping_status":"closed","sticky":false,"template":"","format":"standard","meta":{"neve_meta_sidebar":"","neve_meta_container":"","neve_meta_enable_content_width":"","neve_meta_content_width":0,"neve_meta_title_alignment":"","neve_meta_author_avatar":"","neve_post_elements_order":"","neve_meta_disable_header":"","neve_meta_disable_footer":"","neve_meta_disable_title":"","ngg_post_thumbnail":0,"footnotes":""},"categories":[1],"tags":[],"class_list":["post-648","post","type-post","status-publish","format-standard","hentry","category-neuigkeiten"],"_links":{"self":[{"href":"http:\/\/feuerwehr-dipperz.de\/index.php\/wp-json\/wp\/v2\/posts\/648","targetHints":{"allow":["GET"]}}],"collection":[{"href":"http:\/\/feuerwehr-dipperz.de\/index.php\/wp-json\/wp\/v2\/posts"}],"about":[{"href":"http:\/\/feuerwehr-dipperz.de\/index.php\/wp-json\/wp\/v2\/types\/post"}],"author":[{"embeddable":true,"href":"http:\/\/feuerwehr-dipperz.de\/index.php\/wp-json\/wp\/v2\/users\/1"}],"replies":[{"embeddable":true,"href":"http:\/\/feuerwehr-dipperz.de\/index.php\/wp-json\/wp\/v2\/comments?post=648"}],"version-history":[{"count":0,"href":"http:\/\/feuerwehr-dipperz.de\/index.php\/wp-json\/wp\/v2\/posts\/648\/revisions"}],"wp:attachment":[{"href":"http:\/\/feuerwehr-dipperz.de\/index.php\/wp-json\/wp\/v2\/media?parent=648"}],"wp:term":[{"taxonomy":"category","embeddable":true,"href":"http:\/\/feuerwehr-dipperz.de\/index.php\/wp-json\/wp\/v2\/categories?post=648"},{"taxonomy":"post_tag","embeddable":true,"href":"http:\/\/feuerwehr-dipperz.de\/index.php\/wp-json\/wp\/v2\/tags?post=648"}],"curies":[{"name":"wp","href":"https:\/\/api.w.org\/{rel}","templated":true}]}}